{"id":949,"date":"2019-01-29T11:40:13","date_gmt":"2019-01-29T11:40:13","guid":{"rendered":"http:\/\/communio.pl\/?p=949"},"modified":"2019-01-29T11:40:13","modified_gmt":"2019-01-29T11:40:13","slug":"duchowosc-chrzescijanska","status":"publish","type":"post","link":"https:\/\/communio.pl\/?p=949","title":{"rendered":"Duchowo\u015b\u0107 chrze\u015bcija\u0144ska"},"content":{"rendered":"\n<h2>Nr 10<\/h2>\n\n\n\n<div class=\"wp-block-image\"><figure class=\"alignright\"><img decoding=\"async\" src=\"https:\/\/communio.pl\/wp-content\/uploads\/2019\/01\/duchowoscchrzescij.jpg\" alt=\"\" class=\"wp-image-950\"\/><\/figure><\/div>\n\n\n\n<p>\u017byjemy w spo\u0142ecze\u0144stwie pluralistycznym, w kt\u00f3rym dokonuj\u0105 si\u0119 szybko wielkie zmiany. Ongi\u015b wszystko by\u0142o na og\u00f3\u0142 jednorodne, zorganizowane zgodnie z chrze\u015bcija\u0144sk\u0105 koncepcj\u0105 \u017cycia, Ko\u015bci\u00f3\u0142 za\u015b stanowi\u0142 cz\u0119\u015b\u0107 integruj\u0105c\u0105 ca\u0142o\u015b\u0107. Obecnie sytuacja jest inna. Wsp\u00f3\u0142\u017cycie ludzkie organizuje si\u0119 na podstawie nowych warto\u015bci: post\u0119p naukowy, techniczny i ekonomiczny. Wiedza, poznanie, komunikacja oraz konfrontacja kultur &#8211; rozszerzaj\u0105 si\u0119 po ca\u0142ym \u015bwiecie i przenikaj\u0105 nawzajem.<br>Poj\u0119cie &#8222;duchowo\u015b\u0107&#8221; ma sw\u00f3j rdze\u0144 i korze\u0144 w &#8222;duchu&#8221;, a wi\u0119c w tchnieniu, wietrze, fali. Duch za\u015b oznacza \u017cycie pod dzia\u0142aniem Boga Stw\u00f3rcy. Duch nie jest i nie mo\u017ce by\u0107przeciwstawiany materii, albowiem w ni\u0105 si\u0119 wciela i stara si\u0119 j\u0105 wype\u0142ni\u0107. Duch oznacza te\u017c \u017cyciodajne tchnienie Boga, otwarcie si\u0119 Boga na sw\u00f3j zamys\u0142, przezwyci\u0119\u017cenie egoizmu ludzkiego. I to w\u0142a\u015bnie o\u017cywianie Duchem Jezusa stanowi zasadniczy sens poj\u0119cia duchowo\u015bci chrze\u015bcija\u0144skiej.<br>Duchowo\u015b\u0107 nie jest jednak jakim\u015b urojeniem, ale przemian\u0105 naszej osobowo\u015bci i naszego dzia\u0142ania, dokonan\u0105 przez Ducha Jezusa. Kiedy za\u015b si\u0119 m\u00f3wi o \u017cyciu wewn\u0119trznym, nie oznacza to wcale zag\u0142\u0119biania si\u0119 w czyj\u0105\u015b intymno\u015b\u0107; chodzi bowiem o najg\u0142\u0119bszy rdze\u0144 podtrzymuj\u0105cy ca\u0142e \u017cycie. Duchowo\u015b\u0107 chrze\u015bcija\u0144ska rodzi si\u0119 z osobistego spotkania z Bogiem w Jezusie Chrystusie, w Duchu przekazanym przez Niego Ko\u015bcio\u0142owi. Jest spotkaniem, ale i rozmow\u0105. Nie polega tak\u017ce na ucieczce od \u015bwiata, ale na kontemplacji w dzia\u0142aniu.<br>Prowokowanie do stawiania pyta\u0144, do poszukiwania sensu, do wzajemnego spotykania si\u0119, do otwarcia si\u0119 na spo\u0142eczno\u015b\u0107, do przyj\u0119cia Boga, do dzielenia si\u0119 sw\u0105 wiar\u0105 we wsp\u00f3lnocie, do publicznego jej wyznawania &#8211; oto postawy pozwalaj\u0105ce przezwyci\u0119\u017cy\u0107 wieloznaczno\u015b\u0107 i wychowa\u0107 istot\u0119 ludzk\u0105 do duchowo\u015bci wcielonej w nasze czasy.<\/p>\n\n\n\n<p><strong>SPIS TRE\u015aCI<\/strong><\/p>\n\n\n\n<ul><li>Benedykty\u0144ski model \u017cycia chrze\u015bcija\u0144skiego [Juan Javier Flores OSB]<\/li><li>B\u00f3g jest Mi\u0142o\u015bci\u0105. Przyczynek do odnowy teologii mi\u0142o\u015bci i ducha mi\u0142osierdzia jako elementu istotnego w duchowo\u015bci chrze\u015bcija\u0144skiej [Bp Javier Lozano Barragan]<\/li><li>B\u00f3g w ksi\u0105\u017cce Jana Paw\u0142a II: Przekroczy\u0107 pr\u00f3g nadziei [Kardyna\u0142 Joseph Ratzinger (Benedykt XVI, papie\u017c)]<\/li><li>Boskie tchnienia: duchowo\u015b\u0107 benedykty\u0144ska, dominika\u0144ska, franciszka\u0144ska, karmelita\u0144ska i ignacja\u0144ska [Dario Raposo]<\/li><li>Co to jest duchowo\u015b\u0107? [Luis Rocha e Melo]<\/li><li>Duchowo\u015b\u0107 czy \u017cycie chrze\u015bcija\u0144skie w Duchu? [Olivier Boulnois]<\/li><li>Duchowo\u015b\u0107 eucharystyczna [Alfred Dyr SAC]<\/li><li>Duchowo\u015b\u0107 ignacja\u0144ska: &#8222;pom\u00f3c duszom&#8221; [Pascual Cebollada SJ]<\/li><li>Duchowo\u015b\u0107 kap\u0142a\u0144ska: Chrystus eucharystyczny \u017ar\u00f3d\u0142em Communio Ko\u015bcio\u0142a i miar\u0105 godno\u015bci osoby kap\u0142ana [Jan Koperek CP]<\/li><li>Duchowo\u015b\u0107 w dzisiejszym \u015bwiecie [Aderito Gomes Barbosa]<\/li><li>Edyta Stein &#8211; posta\u0107 naszego stulecia [Carlos Castro]<\/li><li>Luter i \u015bw. Ignacy. O miejscu jednostki we wsp\u00f3lnocie Ko\u015bcio\u0142a [Abp Paul Josef Cordes]<\/li><li>Maryja a duchowo\u015b\u0107 chrze\u015bcija\u0144ska [Bp Jose D. Policarpo]<\/li><li>Modlitwa a mistyka [Jean Hendrik Walgrave OP]<\/li><li>M\u0142odzie\u017c a duchowo\u015b\u0107 [Peter Stilwell]<\/li><li>Na\u015bladowanie Chrystusa jako przebywanie w Tr\u00f3jcy \u015awi\u0119tej wed\u0142ug Ewangelii Janowej [Piero Coda]<\/li><li>Od zadufania typowego dla wie\u017cy Babel do \u0142aski Pi\u0119\u0107dziesi\u0105tnicy. Duchowo\u015b\u0107 chrze\u015bcija\u0144ska mi\u0119dzy mod\u0105 i ci\u0105g\u0142o\u015bci\u0105 [Jesus Sanz OFM]<\/li><li>Pismo \u015bwi\u0119te jako fundament modlitwy chrze\u015bcija\u0144skiej [Antonio Maria Sicari]<\/li><li>Powszechne powo\u0142anie do \u015bwi\u0119to\u015bci w Ko\u015bciele [Gustave Thils]<\/li><li>R\u00f3\u017cnorodno\u015b\u0107 i komplementarno\u015b\u0107 stan\u00f3w \u017cycia w Ko\u015bciele [Antonio Maria Sicari]<\/li><li>Trynitarny wymiar pobo\u017cno\u015bci eucharystycznej [Lucjan Balter SAC]<\/li><li>Zasadnicze zr\u0119by duchowo\u015bci palloty\u0144skiej [Seamus Freeman SAC]<\/li><li>\u015arodowisko Ko\u015bcielne: kto powinien patronowa\u0107 drodze duchowej? [Georges Chantraine SJ]<\/li><li>\u015awi\u0119ci: waleczni wierz\u0105cy [Claude Dagens]<\/li><li>\u015awi\u0119ta Teresa z Avili: do\u015bwiadczenie mistyczne w obronie dogmatu [Antonio Maria Sicari]<\/li><li>\u015awi\u0119to\u015b\u0107 jako cel i kres rozwoju duchowego [Lucjan Balter SAC]<\/li><li>\u017bycie w Duchu w Pismach Paw\u0142owych [Norbert Baumert SJ]<\/li><\/ul>\n\n\n\n<p><a href=\"https:\/\/communio.pl\/?page_id=913\">Lista&nbsp;numer\u00f3w<\/a><\/p>\n","protected":false},"excerpt":{"rendered":"<p>Nr 10 \u017byjemy w spo\u0142ecze\u0144stwie pluralistycznym, w kt\u00f3rym dokonuj\u0105 si\u0119 szybko wielkie zmiany. Ongi\u015b wszystko by\u0142o na og\u00f3\u0142 jednorodne, zorganizowane zgodnie z chrze\u015bcija\u0144sk\u0105 koncepcj\u0105 \u017cycia, Ko\u015bci\u00f3\u0142 za\u015b stanowi\u0142 cz\u0119\u015b\u0107 integruj\u0105c\u0105 ca\u0142o\u015b\u0107. Obecnie sytuacja jest inna. Wsp\u00f3\u0142\u017cycie ludzkie organizuje si\u0119 na podstawie nowych warto\u015bci: post\u0119p naukowy, techniczny i ekonomiczny. Wiedza, poznanie, komunikacja oraz konfrontacja kultur &#8211; &hellip; <a href=\"https:\/\/communio.pl\/?p=949\" class=\"more-link\">Czytaj dalej<span class=\"screen-reader-text\"> Duchowo\u015b\u0107 chrze\u015bcija\u0144ska<\/span><\/a><\/p>\n","protected":false},"author":1,"featured_media":0,"comment_status":"closed","ping_status":"open","sticky":false,"template":"","format":"standard","meta":[],"categories":[5],"tags":[],"_links":{"self":[{"href":"https:\/\/communio.pl\/index.php?rest_route=\/wp\/v2\/posts\/949"}],"collection":[{"href":"https:\/\/communio.pl\/index.php?rest_route=\/wp\/v2\/posts"}],"about":[{"href":"https:\/\/communio.pl\/index.php?rest_route=\/wp\/v2\/types\/post"}],"author":[{"embeddable":true,"href":"https:\/\/communio.pl\/index.php?rest_route=\/wp\/v2\/users\/1"}],"replies":[{"embeddable":true,"href":"https:\/\/communio.pl\/index.php?rest_route=%2Fwp%2Fv2%2Fcomments&post=949"}],"version-history":[{"count":0,"href":"https:\/\/communio.pl\/index.php?rest_route=\/wp\/v2\/posts\/949\/revisions"}],"wp:attachment":[{"href":"https:\/\/communio.pl\/index.php?rest_route=%2Fwp%2Fv2%2Fmedia&parent=949"}],"wp:term":[{"taxonomy":"category","embeddable":true,"href":"https:\/\/communio.pl\/index.php?rest_route=%2Fwp%2Fv2%2Fcategories&post=949"},{"taxonomy":"post_tag","embeddable":true,"href":"https:\/\/communio.pl\/index.php?rest_route=%2Fwp%2Fv2%2Ftags&post=949"}],"curies":[{"name":"wp","href":"https:\/\/api.w.org\/{rel}","templated":true}]}}