{"id":938,"date":"2019-01-29T11:32:56","date_gmt":"2019-01-29T11:32:56","guid":{"rendered":"http:\/\/communio.pl\/?p=938"},"modified":"2019-01-29T11:32:56","modified_gmt":"2019-01-29T11:32:56","slug":"zlo-w-swiecie","status":"publish","type":"post","link":"https:\/\/communio.pl\/?p=938","title":{"rendered":"Z\u0142o w \u015bwiecie"},"content":{"rendered":"\n<h2>Nr 7<\/h2>\n\n\n\n<p><strong>SPIS TRE\u015aCI<\/strong><\/p>\n\n\n\n<ul><li>B\u00f3g jako anty-z\u0142o [Andres Torres Queiruga]<\/li><li>By\u0107 w \u015bwiecie, ale nie ze \u015bwiata [Peter Stilwell]<\/li><li>Chrystus i szatan w Ewangelii Markowej [Bruno Maggioni]<\/li><li>Diabelsko\u015b\u0107 jako przejaw z\u0142a [Maria Manuela de Carvalho]<\/li><li>Dzisiejsze spo\u0142ecze\u0144stwo wobec z\u0142a i \u015bmierci [Enrique Boneto Perales]<\/li><li>Gnoza wsp\u00f3\u0142czesna i odwieczne z\u0142o [Marek Klecel]<\/li><li>Grzech Adama w \u015bwietle zbawczego czynu Chrystusa wed\u0142ug Rz 5,12-21 [Karl Kertelge]<\/li><li>Istnienie diab\u0142a jako element nowotestamentalnego Objawienia [Ceslas Spicq OP]<\/li><li>Ko\u015bci\u00f3\u0142 w walce z szatanem [Tomasz Mioduszewski]<\/li><li>Mo\u017cliwo\u015b\u0107 \u015blepoty na warto\u015bci moralne [Pawe\u0142 G\u00f3ralczyk SAC]<\/li><li>Mysterium iniquitatis [Virgilio Melchiore]<\/li><li>O winie, grzechu i przebaczeniu [Carlos Diaz]<\/li><li>Odwaga bycia pokornym. Ostosunku cz\u0142owieka do Boga swego Stw\u00f3rcy [Max Thurkauf]<\/li><li>Postawi\u0107 na dobro i spogl\u0105da\u0107 przed siebie z wysoko podniesion\u0105 g\u0142ow\u0105 [Carlos Diaz]<\/li><li>Problem reinterpretacji skutk\u00f3w grzechu pierworodnego w cz\u0142owieku [Lucjan Balter SAC]<\/li><li>Przedrozumienie diabelsko\u015bci [Hans Urs von Balthasar]<\/li><li>Prze\u015bladowani we wsp\u00f3\u0142czesnym spo\u0142ecze\u0144stwie [Rafael Lopez Pintor]<\/li><li>Szatan w \u015bwiadomo\u015bci i \u017cyciu Ko\u015bcio\u0142a [Tomasz Mioduszewski]Tajemnica kuszenia Jezusa [Andre Feuillet]<\/li><li>Tr\u00f3jca \u015awi\u0119ta a problem z\u0142a [Carlos Garci\u00e1 Andrade]<\/li><li>Z\u0142o a post\u0119p [Felix Garcia Moriyon]<\/li><li>Z\u0142o fizyczne a cz\u0142owiek [Ildefonso Murillo]<\/li><li>Z\u0142o w literaturze [Jose Jimenez Lozano]<\/li><li>Z\u0142o w \u015bwiecie [Lucjan Balter SAC]<\/li><li>Z\u0142o we w\u0142asnej osobie [Jean-Luc Marion]<\/li><li>\u0141ukaszowe &#8222;dzi\u015b&#8221; znakiem pernamentnej realizacji zbawienia w Chrystusie [Stanis\u0142aw W\u0142odarczyk]<\/li><li>\u015aredniowieczna koncepcja Boga stwarzaj\u0105cego i porz\u0105dkuj\u0105cego Uniwersum wed\u0142ug Mdr 11,21 [Ks. Stanis\u0142aw Kobielus]<\/li><\/ul>\n\n\n\n<p><a href=\"https:\/\/communio.pl\/?page_id=913\">Lista&nbsp;numer\u00f3w<\/a><\/p>\n","protected":false},"excerpt":{"rendered":"<p>Nr 7 SPIS TRE\u015aCI B\u00f3g jako anty-z\u0142o [Andres Torres Queiruga] By\u0107 w \u015bwiecie, ale nie ze \u015bwiata [Peter Stilwell] Chrystus i szatan w Ewangelii Markowej [Bruno Maggioni] Diabelsko\u015b\u0107 jako przejaw z\u0142a [Maria Manuela de Carvalho] Dzisiejsze spo\u0142ecze\u0144stwo wobec z\u0142a i \u015bmierci [Enrique Boneto Perales] Gnoza wsp\u00f3\u0142czesna i odwieczne z\u0142o [Marek Klecel] Grzech Adama w \u015bwietle &hellip; <a href=\"https:\/\/communio.pl\/?p=938\" class=\"more-link\">Czytaj dalej<span class=\"screen-reader-text\"> Z\u0142o w \u015bwiecie<\/span><\/a><\/p>\n","protected":false},"author":1,"featured_media":0,"comment_status":"closed","ping_status":"open","sticky":false,"template":"","format":"standard","meta":[],"categories":[5],"tags":[],"_links":{"self":[{"href":"https:\/\/communio.pl\/index.php?rest_route=\/wp\/v2\/posts\/938"}],"collection":[{"href":"https:\/\/communio.pl\/index.php?rest_route=\/wp\/v2\/posts"}],"about":[{"href":"https:\/\/communio.pl\/index.php?rest_route=\/wp\/v2\/types\/post"}],"author":[{"embeddable":true,"href":"https:\/\/communio.pl\/index.php?rest_route=\/wp\/v2\/users\/1"}],"replies":[{"embeddable":true,"href":"https:\/\/communio.pl\/index.php?rest_route=%2Fwp%2Fv2%2Fcomments&post=938"}],"version-history":[{"count":0,"href":"https:\/\/communio.pl\/index.php?rest_route=\/wp\/v2\/posts\/938\/revisions"}],"wp:attachment":[{"href":"https:\/\/communio.pl\/index.php?rest_route=%2Fwp%2Fv2%2Fmedia&parent=938"}],"wp:term":[{"taxonomy":"category","embeddable":true,"href":"https:\/\/communio.pl\/index.php?rest_route=%2Fwp%2Fv2%2Fcategories&post=938"},{"taxonomy":"post_tag","embeddable":true,"href":"https:\/\/communio.pl\/index.php?rest_route=%2Fwp%2Fv2%2Ftags&post=938"}],"curies":[{"name":"wp","href":"https:\/\/api.w.org\/{rel}","templated":true}]}}