{"id":928,"date":"2019-01-29T11:27:45","date_gmt":"2019-01-29T11:27:45","guid":{"rendered":"http:\/\/communio.pl\/?p=928"},"modified":"2019-01-29T11:27:45","modified_gmt":"2019-01-29T11:27:45","slug":"kosmos-i-czlowiek","status":"publish","type":"post","link":"https:\/\/communio.pl\/?p=928","title":{"rendered":"Kosmos i cz\u0142owiek"},"content":{"rendered":"\n<h2>Nr 4<\/h2>\n\n\n\n<p><strong>SPIS TRE\u015aCI<\/strong><\/p>\n\n\n\n<ul><li>Czy embrion jest osob\u0105? [Marie-Helene Congourdeau]<\/li><li>Cz\u0142owiek mi\u0119dzy reprodukcj\u0105 a stworzeniem. Pytania teologiczne dotycz\u0105ce pocz\u0105tku \u017cycia ludzkiego [Kardyna\u0142 Joseph Ratzinger (Benedykt XVI, papie\u017c)]<\/li><li>Ewolucja a chrze\u015bcija\u0144stwo [Rudolf Brun]<\/li><li>Ewolucja a etyka [Stephan Strasser]<\/li><li>Ewolucjonizm a nauka o stworzeniu [Hans-Eduard Hengstenberg]<\/li><li>Filozoficzne problemy ewolucjonizmu [Robert Spaemann]<\/li><li>Geografia osoby ludzkiej [Kenneth L. Schmitz]<\/li><li>Godno\u015b\u0107 kobiety [Hans Urs von Balthasar]<\/li><li>Ja &#8211; zygot\u0105&#8230;? [Elizabeth Anscombe]<\/li><li>Katecheza o stworzeniu a teoria ewolucji [Kard. Christoph Sch\u00f6nborn]<\/li><li>Kobieta &#8211; tera\u017aniejszo\u015b\u0107 m\u0119\u017cczyzny [Jean-Luc Marion]<\/li><li>Membra disjecta: o podzia\u0142ach zgubnych dla godno\u015bci cia\u0142a ludzkiego [Jean-Marc Trigeaud]<\/li><li>Na pocz\u0105tku czasu. Kosmologia naukowa a B\u00f3g Stw\u00f3rca [Pierre Julg]<\/li><li>O muzykalno\u015bci duszy [Jerome de Gramont]<\/li><li>O zasadzie antropicznej [Herve Barreau]<\/li><li>Obraz, podobie\u0144stwo i przeb\u00f3stwienie w osobie ludzkiej [Dumitru Staniloae]<\/li><li>Oczy duszy [Ysabel de Andia]<\/li><li>Pocz\u0105tek ko\u0144ca [Olivier Boulnois]<\/li><li>Podstawowe my\u015bli z zakresu biologii [Rudolf Brun]<\/li><li>Potr\u00f3jna jedno\u015b\u0107 \u015bwiata fizycznego [Marc Leclerc]<\/li><li>Powo\u0142anie do &#8222;ogl\u0105dania Boga&#8221; [Zbigniew Sare\u0142o SAC]<\/li><li>Socjobiologia a chrze\u015bcija\u0144ska moralno\u015b\u0107 [Andreas Knapp]<\/li><li>Teologiczna wizja cz\u0142owieka jako podstawa nauki spo\u0142ecznej Ko\u015bcio\u0142a [Pawe\u0142 G\u00f3ralczyk SAC]<\/li><li>Tr\u00f3jca \u015awi\u0119ta a stworzenie [Hans Urs von Balthasar]<\/li><li>Umys\u0142y, m\u00f3zgi, maszyny [Juan Luis Ruiz de La Pena]<\/li><li>Znaczenie poj\u0119cia nie\u015bwiadomo\u015bci dla poznania cz\u0142owieka [Michel Henry]<\/li><li>Zwi\u0105zki psychom\u00f3zgowe: dane naukowe i ich interpretacja filozoficzna [Pedro G\u00f3mez Bosqut]<\/li><\/ul>\n\n\n\n<p><a href=\"https:\/\/communio.pl\/?page_id=913\">Lista&nbsp;numer\u00f3w<\/a><\/p>\n","protected":false},"excerpt":{"rendered":"<p>Nr 4 SPIS TRE\u015aCI Czy embrion jest osob\u0105? [Marie-Helene Congourdeau] Cz\u0142owiek mi\u0119dzy reprodukcj\u0105 a stworzeniem. Pytania teologiczne dotycz\u0105ce pocz\u0105tku \u017cycia ludzkiego [Kardyna\u0142 Joseph Ratzinger (Benedykt XVI, papie\u017c)] Ewolucja a chrze\u015bcija\u0144stwo [Rudolf Brun] Ewolucja a etyka [Stephan Strasser] Ewolucjonizm a nauka o stworzeniu [Hans-Eduard Hengstenberg] Filozoficzne problemy ewolucjonizmu [Robert Spaemann] Geografia osoby ludzkiej [Kenneth L. Schmitz] &hellip; <a href=\"https:\/\/communio.pl\/?p=928\" class=\"more-link\">Czytaj dalej<span class=\"screen-reader-text\"> Kosmos i cz\u0142owiek<\/span><\/a><\/p>\n","protected":false},"author":1,"featured_media":0,"comment_status":"closed","ping_status":"open","sticky":false,"template":"","format":"standard","meta":[],"categories":[5],"tags":[],"_links":{"self":[{"href":"https:\/\/communio.pl\/index.php?rest_route=\/wp\/v2\/posts\/928"}],"collection":[{"href":"https:\/\/communio.pl\/index.php?rest_route=\/wp\/v2\/posts"}],"about":[{"href":"https:\/\/communio.pl\/index.php?rest_route=\/wp\/v2\/types\/post"}],"author":[{"embeddable":true,"href":"https:\/\/communio.pl\/index.php?rest_route=\/wp\/v2\/users\/1"}],"replies":[{"embeddable":true,"href":"https:\/\/communio.pl\/index.php?rest_route=%2Fwp%2Fv2%2Fcomments&post=928"}],"version-history":[{"count":0,"href":"https:\/\/communio.pl\/index.php?rest_route=\/wp\/v2\/posts\/928\/revisions"}],"wp:attachment":[{"href":"https:\/\/communio.pl\/index.php?rest_route=%2Fwp%2Fv2%2Fmedia&parent=928"}],"wp:term":[{"taxonomy":"category","embeddable":true,"href":"https:\/\/communio.pl\/index.php?rest_route=%2Fwp%2Fv2%2Fcategories&post=928"},{"taxonomy":"post_tag","embeddable":true,"href":"https:\/\/communio.pl\/index.php?rest_route=%2Fwp%2Fv2%2Ftags&post=928"}],"curies":[{"name":"wp","href":"https:\/\/api.w.org\/{rel}","templated":true}]}}