{"id":921,"date":"2019-01-29T11:22:38","date_gmt":"2019-01-29T11:22:38","guid":{"rendered":"http:\/\/communio.pl\/?p=921"},"modified":"2019-01-29T11:22:38","modified_gmt":"2019-01-29T11:22:38","slug":"moralnosc-chrzescijanska","status":"publish","type":"post","link":"https:\/\/communio.pl\/?p=921","title":{"rendered":"Moralno\u015b\u0107 chrze\u015bcija\u0144ska"},"content":{"rendered":"\n<h2>Nr 2<\/h2>\n\n\n\n<p>Etyka chrze\u015bcija\u0144ska, je\u015bli ma pozosta\u0107 prawdziwie chrze\u015bcija\u0144sk\u0105, musi zawsze zawiera\u0107 prawd\u0119 objawion\u0105. Tylko tak\u0105 mo\u017cna przekazywa\u0107 j\u0105 dzisiejszemu cz\u0142owiekowi po to, \u017ceby ukaza\u0107 zamys\u0142 Bo\u017cy w nowych systemach my\u015bli ludzkiej oraz, \u017ceby po\u015br\u00f3d wszystkich innych pr\u00f3b wyzwolenia cz\u0142owieka ukaza\u0107 przede wszystkim eschatologiczne zbawienie. Bardzo wyra\u017anie i konkretnie wskazania dotycz\u0105ce budowania teologii moralnej podaje nam Dekret Soboru Watyka\u0144skiego II O formacji kap\u0142a\u0144skiej: &#8222;Szczeg\u00f3ln\u0105 trosk\u0119 nale\u017cy skierowa\u0107 ku udoskonaleniu teologii moralnej, kt\u00f3rej naukowy wyk\u0142ad karmiony w wi\u0119kszej mierze nauk\u0105 Pisma \u015bwi\u0119tego niech ukazuje wznios\u0142o\u015b\u0107 powo\u0142ania wiernych w Chrystusie i ich obowi\u0105zek przynoszenia owocu w mi\u0142o\u015bci za \u017cycie \u015bwiata&#8221; (nr 16).<br>Nie wymaga uzasadnienia stwierdzenie, \u017ce ka\u017cda pozycja naukowa, kt\u00f3ra podejmuje zagadnienie moralno\u015bci chrze\u015bcija\u0144skiej w pe\u0142nym jej wymiarze, jest bardzo poszukiwana. Podejmuj\u0105c to zapotrzebowanie polska redakcja Communio w ramach serii ksi\u0105\u017ckowej, wydaje drugi tom, zatytuowany w\u0142a\u015bnie Moralno\u015b\u0107 chrze\u015bcija\u0144ska. Prezentowana ksi\u0105\u017cka jest zbiorem artyku\u0142\u00f3w o wymiarze mi\u0119dzynarodowym. charakter mi\u0119dzynarodowy zdaje si\u0119 by\u0107 po\u017cytecznym cho\u0107by z tego wzgl\u0119du, \u017ce Ko\u015bci\u00f3\u0142 w ka\u017cdym pa\u0144stwie stara si\u0119 wyrazi\u0107 swoje pogl\u0105dy w \u015bwietle w\u0142a\u015bciwej moralno\u015bci teologicznej i przedstawi\u0107 tym samym bogatsz\u0105 i warto\u015bciowsz\u0105 panoram\u0119 etyki chrze\u015bcija\u0144skiej.<br>Niniejszy zbi\u00f3r wydaje si\u0119 \u0142\u0105czy\u0107 podstawowe tematy sk\u0142adaj\u0105ce si\u0119 dzisiaj na interesuj\u0105c\u0105 nas problematyk\u0119. Ksi\u0105\u017cka ta pragnie da\u0107 odpowied\u017a na trzy zasadnicze pytania: 1) co stanowi podstaw\u0119 moralno\u015bci chrze\u015bcija\u0144skiej, 2) jaka jest teologiczna metoda argumentacji i wyra\u017cania s\u0105d\u00f3w, 3) jak moralno\u015b\u0107 chrze\u015bciaja\u0144ska pr\u00f3buje podej\u015b\u0107 do problem\u00f3w i pyta\u0144, kt\u00f3re si\u0119 wci\u0105\u017c nasuwaj\u0105 dzisiejszemu cz\u0142owiekowi?<br>Tym samym zagadnienia zawarte w tej pozycji grupuj\u0105 si\u0119 zasadniczo w trzy dzia\u0142y. Pierwsza cz\u0119\u015b\u0107 traktuje o antropologicznych i metodologicznych podstawach refleksji moralnej: od kryzysu warto\u015bci moralnych do \u015bwiadomo\u015bci moralnej dzisiaj; od antropologii do decyzji moralnej; od osoby ludzkiej i jej przeznaczenia do moralno\u015bci i wolno\u015bci. W drugiej cz\u0119\u015bci przedstawione zosta\u0142y sposoby uzasadnienia moralno\u015bci chrze\u015bcija\u0144skiej. Wskazano tutaj na godno\u015b\u0107 cz\u0142owieka, na absolutn\u0105 warto\u015b\u0107 osoby ludzkiej, na uzasadnienie moralno\u015bci naturalnej. Jest tutaj r\u00f3wnie\u017c mowa o wyznaczniku moralno\u015bci chrze\u015bcija\u0144skiej, o specyfice dzia\u0142ania chrze\u015bcija\u0144skiego, czy te\u017c o nowej moralno\u015bci prowizorycznej. W trzeciej cz\u0119\u015bci analizowane s\u0105 w\u0119z\u0142owe punkty wsp\u00f3\u0142czesnej problematyki moralnej oraz wskazano tutaj na praktyczne sugestie etyki chrze\u015bcija\u0144skiej, mo\u017cliwe do realizacji w warunkach wsp\u00f3\u0142czesnego \u015bwiata. Mi\u0119dzy innymi poruszone s\u0105 takie zagadnienia, jak : w\u0142adzy i polityki, odpowiedzialno\u015bci chrze\u015bcijan za \u017cycie gospodarcze, etyki nauki, manipulowania genetycznego.<\/p>\n\n\n\n<p><strong>SPIS TRE\u015aCI<\/strong><\/p>\n\n\n\n<ul><li>Absolutna warto\u015b\u0107 osoby miejscem spotkania i zespolenia etyki \u015bwieckiej z moralno\u015bci\u0105 religijn\u0105 [Marciano Vidal]<\/li><li>Antropologia i pokusy biologa [Juan Luis Ruiz de La Pena]<\/li><li>Czym jest godno\u015b\u0107 ludzka? [Johannes Messner]<\/li><li>Destrukcyjne skutki grzechu [Zbigniew Sare\u0142o SAC]<\/li><li>Etyka a uczuciowo\u015b\u0107 [Alain Cugno]<\/li><li>Genetyczna manipulacja cz\u0142owieka przysz\u0142o\u015bci [Marceliano Arranz]<\/li><li>Kryzys warto\u015bci moralnych [Marciano Vidal]<\/li><li>Luter a podstawy moralno\u015bci [Georges Chantraine SJ]<\/li><li>Moralno\u015b\u0107 naturalna czy wynaturzenie moralno\u015bci? [Dominique Folscheid]<\/li><li>Mo\u017cliwo\u015b\u0107 i konieczno\u015b\u0107 etyki nauki [Aniela Dylus]<\/li><li>Nawr\u00f3cenie chrze\u015bcija\u0144skie a prawda etyki [Paul Toinet]<\/li><li>Osoba ludzka i jej przeznaczenie [Jean Hendrik Walgrave OP]<\/li><li>Podejmowa\u0107 decyzj\u0119 [Jean-Noel Dumont]<\/li><li>Ponad kontemplacj\u0105 i dzia\u0142aniem [Hans Urs von Balthasar]<\/li><li>Powo\u0142anie do doskona\u0142o\u015bci jako zasadniczy rys moralno\u015bci chrze\u015bcija\u0144skiej [Pawe\u0142 G\u00f3ralczyk SAC]<\/li><li>Prawo do \u017cycia w kontek\u015bcie wsp\u00f3\u0142czesnych zagro\u017ce\u0144 [Ks. Henryk Skorowski]<\/li><li>Sekularyzacja kultury [Franciszek Adamski]<\/li><li>Specyfika post\u0119powania chrze\u015bcijanina [Michel Sales]<\/li><li>Sumienie pomi\u0119dzy wolno\u015bci\u0105 a prawem [Helmut Kuhn]<\/li><li>Uzasadnienie moralno\u015bci naturalnej [Georges Kalinowski]<\/li><li>Wprowadzenie [Pawe\u0142 G\u00f3ralczyk SAC]<\/li><li>Wszyscy m\u00f3wi\u0105 o prawach; my m\u00f3wimy o obowi\u0105zkach [Antoni Bohm]<\/li><li>Wyznacznik moralno\u015bci chrze\u015bcija\u0144skiej [Kardyna\u0142 William Baum]<\/li><li>\u017bycie w duchu a etyka wolno\u015bci [Albert Chapelle]<br><\/li><\/ul>\n\n\n\n<p><a href=\"https:\/\/communio.pl\/?page_id=913\">Lista&nbsp;numer\u00f3w<\/a><\/p>\n","protected":false},"excerpt":{"rendered":"<p>Nr 2 Etyka chrze\u015bcija\u0144ska, je\u015bli ma pozosta\u0107 prawdziwie chrze\u015bcija\u0144sk\u0105, musi zawsze zawiera\u0107 prawd\u0119 objawion\u0105. Tylko tak\u0105 mo\u017cna przekazywa\u0107 j\u0105 dzisiejszemu cz\u0142owiekowi po to, \u017ceby ukaza\u0107 zamys\u0142 Bo\u017cy w nowych systemach my\u015bli ludzkiej oraz, \u017ceby po\u015br\u00f3d wszystkich innych pr\u00f3b wyzwolenia cz\u0142owieka ukaza\u0107 przede wszystkim eschatologiczne zbawienie. Bardzo wyra\u017anie i konkretnie wskazania dotycz\u0105ce budowania teologii moralnej podaje &hellip; <a href=\"https:\/\/communio.pl\/?p=921\" class=\"more-link\">Czytaj dalej<span class=\"screen-reader-text\"> Moralno\u015b\u0107 chrze\u015bcija\u0144ska<\/span><\/a><\/p>\n","protected":false},"author":1,"featured_media":0,"comment_status":"closed","ping_status":"open","sticky":false,"template":"","format":"standard","meta":[],"categories":[5],"tags":[],"_links":{"self":[{"href":"https:\/\/communio.pl\/index.php?rest_route=\/wp\/v2\/posts\/921"}],"collection":[{"href":"https:\/\/communio.pl\/index.php?rest_route=\/wp\/v2\/posts"}],"about":[{"href":"https:\/\/communio.pl\/index.php?rest_route=\/wp\/v2\/types\/post"}],"author":[{"embeddable":true,"href":"https:\/\/communio.pl\/index.php?rest_route=\/wp\/v2\/users\/1"}],"replies":[{"embeddable":true,"href":"https:\/\/communio.pl\/index.php?rest_route=%2Fwp%2Fv2%2Fcomments&post=921"}],"version-history":[{"count":0,"href":"https:\/\/communio.pl\/index.php?rest_route=\/wp\/v2\/posts\/921\/revisions"}],"wp:attachment":[{"href":"https:\/\/communio.pl\/index.php?rest_route=%2Fwp%2Fv2%2Fmedia&parent=921"}],"wp:term":[{"taxonomy":"category","embeddable":true,"href":"https:\/\/communio.pl\/index.php?rest_route=%2Fwp%2Fv2%2Fcategories&post=921"},{"taxonomy":"post_tag","embeddable":true,"href":"https:\/\/communio.pl\/index.php?rest_route=%2Fwp%2Fv2%2Ftags&post=921"}],"curies":[{"name":"wp","href":"https:\/\/api.w.org\/{rel}","templated":true}]}}