{"id":767,"date":"2019-01-29T07:19:45","date_gmt":"2019-01-29T07:19:45","guid":{"rendered":"http:\/\/communio.pl\/?p=767"},"modified":"2019-01-29T07:19:45","modified_gmt":"2019-01-29T07:19:45","slug":"nie-lekajcie-sie","status":"publish","type":"post","link":"https:\/\/communio.pl\/?p=767","title":{"rendered":"Nie l\u0119kajcie si\u0119!"},"content":{"rendered":"\n<h2>Nr 137<\/h2>\n\n\n\n<p>Podczas uroczystej inauguracji swej pos\u0142ugi papieskiej, jaka mia\u0142a miejsce na Placu przed Bazylik\u0105 \u015bw. Piotra w Rzymie 22 pa\u017adziernika 1978 roku, Jan Pawe\u0142 II w homilii wo\u0142a\u0142 do wiernych ca\u0142ego \u015bwiata:<\/p>\n\n\n\n<p>&#8222;Bracia i Siostry! Nie l\u0119kajcie si\u0119 przygarn\u0105\u0107 Chrystusa i przyj\u0105\u0107 Jego w\u0142adzy! Pom\u00f3\u017ccie Papie\u017cowi i wszystkim, kt\u00f3rzy pragn\u0105 s\u0142u\u017cy\u0107 Chrystusowi, a moc\u0105 Jego w\u0142adzy &#8211; s\u0142u\u017cy\u0107 cz\u0142owiekowi i ca\u0142ej ludzko\u015bci! Nie l\u0119kajcie si\u0119! Otw\u00f3rzcie, otw\u00f3rzcie na o\u015bcie\u017c drzwi Chrystusowi! Otw\u00f3rzcie drzwi Jego zbawczej w\u0142adzy, otw\u00f3rzcie jej granice pa\u0144stw, systemy ekonomiczne i polityczne, szerokie obszary kultury, cywilizacji i rozwoju. Nie l\u0119kajcie si\u0119! Chrystus wie, &lt;&gt;. Jedynie On wie!<\/p>\n\n\n\n<p>Dzi\u015b cz\u0142owiek tak cz\u0119sto nie wie, co nosi w sobie, w g\u0142\u0119bi swej duszy, swego serca. Jak cz\u0119sto jest niepewny sensu swego \u017cycia na tej ziemi. Ogarnia go zw\u0105tpienie, kt\u00f3re przeradza si\u0119 w rozpacz. Pozw\u00f3lcie wi\u0119c, prosze was, b\u0142agam was z pokor\u0105 i ufno\u015bci\u0105, pozw\u00f3lcie Chrystusowi m\u00f3wi\u0107 do cz\u0142owieka. Jedynie on posiada s\u0142owa \u017cycia &#8211; tak: \u017cycia wiecznego&#8221;.<\/p>\n\n\n\n<p>Te w\u0142a\u015bnie s\u0142owa, a zw\u0142aszcza to mocne zawo\u0142anie papieskie: &#8222;Nie l\u0119kajcie si\u0119!&#8221; &#8211; &#8222;Otw\u00f3rzcie drzwi Chrystusowi!, mo\u017cna by\u0142o potem ogl\u0105da\u0107, wypisane wielkimi literami, nad wej\u015bciem lub w kru\u017cgankach wielu \u015bwi\u0105ty\u0144 katolickich. Wida\u0107 zatem wyra\u017anie, \u017ce duszpasterze i wierni wsch\u0142uchali si\u0119 dobrze w g\u0142os Papie\u017ca-Polaka i to jego wezwanie wzieli sobie mocno do serca.<\/p>\n\n\n\n<p><strong>SPIS TRE\u015aCI<\/strong><\/p>\n\n\n\n<ul><li>&#8222;Nie l\u0119kajcie si\u0119!&#8221; &#8211; Apel Ewangelii [Jose Nunes]<\/li><li>&#8222;Wszystko na nowo zjednoczy\u0107 w Chrystusie jako G\u0142owie&#8221; [Anacleto de Oliveira]<\/li><li>Parresia m\u0119czennik\u00f3w: odwaga w wyznawaniu wiary [Isidro Pareira Lamelas]<\/li><li>Europa jako zadanie dla chrze\u015bcijan. Jan Pawe\u0142 II o Europie i europejsko\u015bci [Rados\u0142aw Zenderowski]<\/li><li>Jak \u017cy\u0107 i po co \u017cy\u0107? [Pawe\u0142 G\u00f3ralczyk SAC]<\/li><li>My\u015bl przewodnia pontyfikatu Jana Paw\u0142a II [Lucjan Balter SAC]<\/li><li>Nadzieja, kt\u00f3rej \u017ar\u00f3d\u0142em jest Chrystus [Angelo Amato]<\/li><li>Od duszpasterstwa oczekuj\u0105cego do &#8222;duszpasterstwa, kt\u00f3re proponuje&#8221;. Zwrot Jana Paw\u0142\u0105 II w stron\u0119 duszpasterstwa powo\u0142a\u0144 w Trzecim Tysi\u0105cleciu [Emiio Martinez Albesa]<\/li><li>Od mariologii l\u0119ku do mariologii spotkania [Ks. Stanis\u0142aw Mycek]<\/li><li>Problem boja\u017ani Boga na misjach ludowych [Acacio Jose Afonso Sanches]<\/li><li>Radykalizm ewangeliczny w formacji kap\u0142a\u0144skiej [Marian Kowalczyk SAC]<br><\/li><\/ul>\n\n\n\n<p><a href=\"https:\/\/communio.pl\/?page_id=205\">Lista&nbsp;numer\u00f3w<\/a><\/p>\n","protected":false},"excerpt":{"rendered":"<p>Nr 137 Podczas uroczystej inauguracji swej pos\u0142ugi papieskiej, jaka mia\u0142a miejsce na Placu przed Bazylik\u0105 \u015bw. Piotra w Rzymie 22 pa\u017adziernika 1978 roku, Jan Pawe\u0142 II w homilii wo\u0142a\u0142 do wiernych ca\u0142ego \u015bwiata: &#8222;Bracia i Siostry! Nie l\u0119kajcie si\u0119 przygarn\u0105\u0107 Chrystusa i przyj\u0105\u0107 Jego w\u0142adzy! Pom\u00f3\u017ccie Papie\u017cowi i wszystkim, kt\u00f3rzy pragn\u0105 s\u0142u\u017cy\u0107 Chrystusowi, a moc\u0105 &hellip; <a href=\"https:\/\/communio.pl\/?p=767\" class=\"more-link\">Czytaj dalej<span class=\"screen-reader-text\"> Nie l\u0119kajcie si\u0119!<\/span><\/a><\/p>\n","protected":false},"author":1,"featured_media":0,"comment_status":"closed","ping_status":"open","sticky":false,"template":"","format":"standard","meta":[],"categories":[3],"tags":[],"_links":{"self":[{"href":"https:\/\/communio.pl\/index.php?rest_route=\/wp\/v2\/posts\/767"}],"collection":[{"href":"https:\/\/communio.pl\/index.php?rest_route=\/wp\/v2\/posts"}],"about":[{"href":"https:\/\/communio.pl\/index.php?rest_route=\/wp\/v2\/types\/post"}],"author":[{"embeddable":true,"href":"https:\/\/communio.pl\/index.php?rest_route=\/wp\/v2\/users\/1"}],"replies":[{"embeddable":true,"href":"https:\/\/communio.pl\/index.php?rest_route=%2Fwp%2Fv2%2Fcomments&post=767"}],"version-history":[{"count":0,"href":"https:\/\/communio.pl\/index.php?rest_route=\/wp\/v2\/posts\/767\/revisions"}],"wp:attachment":[{"href":"https:\/\/communio.pl\/index.php?rest_route=%2Fwp%2Fv2%2Fmedia&parent=767"}],"wp:term":[{"taxonomy":"category","embeddable":true,"href":"https:\/\/communio.pl\/index.php?rest_route=%2Fwp%2Fv2%2Fcategories&post=767"},{"taxonomy":"post_tag","embeddable":true,"href":"https:\/\/communio.pl\/index.php?rest_route=%2Fwp%2Fv2%2Ftags&post=767"}],"curies":[{"name":"wp","href":"https:\/\/api.w.org\/{rel}","templated":true}]}}