{"id":560,"date":"2019-01-28T06:44:17","date_gmt":"2019-01-28T06:44:17","guid":{"rendered":"http:\/\/communio.pl\/?p=560"},"modified":"2019-01-28T06:44:17","modified_gmt":"2019-01-28T06:44:17","slug":"dar-nadziei","status":"publish","type":"post","link":"https:\/\/communio.pl\/?p=560","title":{"rendered":"Dar nadziei"},"content":{"rendered":"\n<h2>Nr 101<\/h2>\n\n\n\n<p>\u201e\u015awiat wsp\u00f3\u0142czesny jest \u015bwiatem szczeg\u00f3lnie \u017cywo i gl\u0119boko do\u015bwiadczalnej nadziei. O nadziei m\u00f3wi si\u0119 dzi\u015b wsz\u0119dzie: powo\u0142uje si\u0119 na ni\u0105 nauka i technika, do nadziei apeluj\u0105 politycy; najwa\u017cniejsze filozofie, kt\u00f3re staraj\u0105 si\u0119 dzisiaj modelowa\u0107 ludzk\u0105 rzeczywisto\u015b\u0107, s\u0105 filozofiami nadziei&#8230;\u201d &#8211; pisze\u00a0<em>ks. Pawe\u0142 G\u00f3ralczyk SAC<\/em>\u00a0w artykule \u201eRozpacz, obawa, deprsja&#8230; Choroba czy grzech?\u201d\u00a0<\/p>\n\n\n\n<p>\u201eIdea nadziei stanowi wielowymiarowe poj\u0119cie, w kt\u00f3rym da si\u0119 dostrzec wiele r\u00f3\u017cnych znacze\u0144 i odcieni. Mo\u017cna wi\u0119c wyodr\u0119bni\u0107 nadziej\u0119 na osi\u0105gni\u0119cie sukcesu, jak r\u00f3wnie\u017c &#8211; na g\u0142\u0119bszej p\u0142aszczy\u017anie &#8211; stan oczekiwania na wype\u0142nienie si\u0119 pragnie\u0144. W znaczeniu religijnym, nadzieja jest poruszeniem duszy, w kt\u00f3rym stawiamy pod znakiem zapytania tera\u017aniejszo\u015b\u0107 i wysi\u0142ki zmierzaj\u0105ce do osi\u0105gni\u0119cia sukcesu, aby bardziej si\u0119 nastawi\u0107 na oczekiwanie jakiego\u015b przedmiotu lub stanu, kt\u00f3ry &#8211; jak sobie u\u015bwiadamiamy &#8211; mo\u017ce by\u0107 wy\u0142\u0105cznie darem&#8230;\u201d &#8211; pisze&nbsp;<em>Ignace Verhack<\/em>&nbsp;w artukule \u201eZnaczenie nadziei dla naszych czas\u00f3w\u201d<\/p>\n\n\n\n<p><strong>SPIS TRE\u015aCI<\/strong><\/p>\n\n\n\n<ul><li>Abraham a nadzieja ludu \u017cydowskiego [Joao Lourenco]<\/li><li>Elementy chrystologii w teologicznoliterackim wymiarze tw\u00f3rczo\u015bci Czes\u0142awa Mi\u0142osza [Ks. Jerzy Szymik]<\/li><li>Komunia, powszechno\u015b\u0107 i apokatastaza: nadzieja dla wszystkich? [Jacques Servais]<\/li><li>Nadzieja na \u017cycie wieczne os\u00f3b konsekrowanych [Bruno Secondin]<\/li><li>Nadzieja w obliczu \u015bmierci [Philippe Cormier]<\/li><li>Nadzieja w Pi\u015bmie \u015bwi\u0119tym [Rodriguez A. Carmona]<\/li><li>Nadzieja zawie\u015b\u0107 nie mo\u017ce [Anton \u0160trukelj]<\/li><li>Poza zas\u0142on\u0105 [Xavier Tilliette]<\/li><li>Rozpacz, obawa, depresja&#8230; [Pawe\u0142 G\u00f3ralczyk SAC]<\/li><li>Upragniony Chrystus &#8211; oczekiwanie Abrahama oraz nadzieja narodu \u017cydowskiego [Gianfranco Ravasi]<\/li><li>Znaczenie nadziei dla naszych czas\u00f3w [Ignace Verhack]<\/li><\/ul>\n\n\n\n<p><a href=\"https:\/\/communio.pl\/?page_id=205\">Lista&nbsp;numer\u00f3w<\/a><\/p>\n","protected":false},"excerpt":{"rendered":"<p>Nr 101 \u201e\u015awiat wsp\u00f3\u0142czesny jest \u015bwiatem szczeg\u00f3lnie \u017cywo i gl\u0119boko do\u015bwiadczalnej nadziei. O nadziei m\u00f3wi si\u0119 dzi\u015b wsz\u0119dzie: powo\u0142uje si\u0119 na ni\u0105 nauka i technika, do nadziei apeluj\u0105 politycy; najwa\u017cniejsze filozofie, kt\u00f3re staraj\u0105 si\u0119 dzisiaj modelowa\u0107 ludzk\u0105 rzeczywisto\u015b\u0107, s\u0105 filozofiami nadziei&#8230;\u201d &#8211; pisze\u00a0ks. Pawe\u0142 G\u00f3ralczyk SAC\u00a0w artykule \u201eRozpacz, obawa, deprsja&#8230; Choroba czy grzech?\u201d\u00a0 \u201eIdea nadziei &hellip; <a href=\"https:\/\/communio.pl\/?p=560\" class=\"more-link\">Czytaj dalej<span class=\"screen-reader-text\"> Dar nadziei<\/span><\/a><\/p>\n","protected":false},"author":1,"featured_media":0,"comment_status":"closed","ping_status":"open","sticky":false,"template":"","format":"standard","meta":[],"categories":[3],"tags":[],"_links":{"self":[{"href":"https:\/\/communio.pl\/index.php?rest_route=\/wp\/v2\/posts\/560"}],"collection":[{"href":"https:\/\/communio.pl\/index.php?rest_route=\/wp\/v2\/posts"}],"about":[{"href":"https:\/\/communio.pl\/index.php?rest_route=\/wp\/v2\/types\/post"}],"author":[{"embeddable":true,"href":"https:\/\/communio.pl\/index.php?rest_route=\/wp\/v2\/users\/1"}],"replies":[{"embeddable":true,"href":"https:\/\/communio.pl\/index.php?rest_route=%2Fwp%2Fv2%2Fcomments&post=560"}],"version-history":[{"count":0,"href":"https:\/\/communio.pl\/index.php?rest_route=\/wp\/v2\/posts\/560\/revisions"}],"wp:attachment":[{"href":"https:\/\/communio.pl\/index.php?rest_route=%2Fwp%2Fv2%2Fmedia&parent=560"}],"wp:term":[{"taxonomy":"category","embeddable":true,"href":"https:\/\/communio.pl\/index.php?rest_route=%2Fwp%2Fv2%2Fcategories&post=560"},{"taxonomy":"post_tag","embeddable":true,"href":"https:\/\/communio.pl\/index.php?rest_route=%2Fwp%2Fv2%2Ftags&post=560"}],"curies":[{"name":"wp","href":"https:\/\/api.w.org\/{rel}","templated":true}]}}