{"id":553,"date":"2019-01-23T13:34:52","date_gmt":"2019-01-23T13:34:52","guid":{"rendered":"http:\/\/communio.pl\/?p=553"},"modified":"2019-01-23T13:34:52","modified_gmt":"2019-01-23T13:34:52","slug":"poslugiwania-koscielne","status":"publish","type":"post","link":"https:\/\/communio.pl\/?p=553","title":{"rendered":"Pos\u0142ugiwania ko\u015bcielne"},"content":{"rendered":"\n<h2>Nr 99<\/h2>\n\n\n\n<p>\u201eId\u0105c po lini wskaza\u0144 Soboru Watyka\u0144skiego II, Kodeks Prawa kanonicznego w kanonie 145 wprowadzi\u0142 nowe poj\u0119cie urz\u0119du ko\u015bcielnego (\u201eofficium ecclesiasticum\u201d).\u00a0<\/p>\n\n\n\n<p>To nowe okre\u015blenie umo\u017cliwia nazwanie urz\u0119dami ko\u015bcielnymi tak\u017ce r\u00f3\u017cnych funkcji, kt\u00f3re s\u0105 dost\u0119pne dla \u015bwieckich.&nbsp;<\/p>\n\n\n\n<p>Zastosowanie nowej terminologii wp\u0142yn\u0119\u0142o te\u017c na now\u0105 postaw\u0119 duszpastersk\u0105 i u\u0142atwi\u0142o rozwi\u0105zania prawne, kt\u00f3re lepiej odpowiadaj\u0105 teologicznemu faktowi r\u00f3wno\u015bci wszystkich wiernych (KK 32 b, c) oraz ich powo\u0142ania do czynnego uczestnictwa w sprawowaniu potr\u00f3jnego urz\u0119du Chrystusa (KK 31)\u201d &#8211; pisze Peter Erd\u00f6 w artykule \u201e\u201eSacra Ministeria\u201d a publiczne funkcje w Ko\u015bciele&#8221;<\/p>\n\n\n\n<p><strong>SPIS TRE\u015aCI<\/strong><\/p>\n\n\n\n<ul><li>\u201eSacra ministeria\u201d a publiczne funkcje w Ko\u015bciele [Peter Erdo]<\/li><li>Diakoni w Ko\u015bciele [Joseph Dore]<\/li><li>Duszpasterskie pos\u0142ugi i urz\u0119dy [Peter Kramer]<\/li><li>Instytucja i charyzmat kap\u0142a\u0144stwa hierarchicznego [Benedetto Testa]<\/li><li>Ko\u015bci\u00f3\u0142 jako system otwarty [Heinz Schurmann]<\/li><li>My\u015bli o kap\u0142a\u0144stwie kobiet [Hans Urs von Balthasar]<\/li><li>Niewierz\u0105cy w Ko\u015bciele [Jan Pa\u0142yga]<\/li><li>Pos\u0142ugiwanie \u015bwieckich w Ko\u015bciele<\/li><li>Powstanie i teologiczne uzasadnienie ko\u015bcielnych urz\u0119d\u00f3w w staro\u017cytnym Ko\u015bciele [Ernst Dassmann]<\/li><li>Refleksje na temat diakonatu kobiet [Hanna-Barbara Gerl-Falkovitz]<\/li><li>R\u00f3\u017cnorodno\u015b\u0107 s\u0142u\u017cby: laik &#8211; diakon &#8211; ksi\u0105dz [Leo Scheffczyk]<br><\/li><\/ul>\n\n\n\n<p><a href=\"https:\/\/communio.pl\/?page_id=205\">Lista&nbsp;numer\u00f3w<\/a><\/p>\n","protected":false},"excerpt":{"rendered":"<p>Nr 99 \u201eId\u0105c po lini wskaza\u0144 Soboru Watyka\u0144skiego II, Kodeks Prawa kanonicznego w kanonie 145 wprowadzi\u0142 nowe poj\u0119cie urz\u0119du ko\u015bcielnego (\u201eofficium ecclesiasticum\u201d).\u00a0 To nowe okre\u015blenie umo\u017cliwia nazwanie urz\u0119dami ko\u015bcielnymi tak\u017ce r\u00f3\u017cnych funkcji, kt\u00f3re s\u0105 dost\u0119pne dla \u015bwieckich.&nbsp; Zastosowanie nowej terminologii wp\u0142yn\u0119\u0142o te\u017c na now\u0105 postaw\u0119 duszpastersk\u0105 i u\u0142atwi\u0142o rozwi\u0105zania prawne, kt\u00f3re lepiej odpowiadaj\u0105 teologicznemu faktowi &hellip; <a href=\"https:\/\/communio.pl\/?p=553\" class=\"more-link\">Czytaj dalej<span class=\"screen-reader-text\"> Pos\u0142ugiwania ko\u015bcielne<\/span><\/a><\/p>\n","protected":false},"author":1,"featured_media":0,"comment_status":"closed","ping_status":"open","sticky":false,"template":"","format":"standard","meta":[],"categories":[3],"tags":[],"_links":{"self":[{"href":"https:\/\/communio.pl\/index.php?rest_route=\/wp\/v2\/posts\/553"}],"collection":[{"href":"https:\/\/communio.pl\/index.php?rest_route=\/wp\/v2\/posts"}],"about":[{"href":"https:\/\/communio.pl\/index.php?rest_route=\/wp\/v2\/types\/post"}],"author":[{"embeddable":true,"href":"https:\/\/communio.pl\/index.php?rest_route=\/wp\/v2\/users\/1"}],"replies":[{"embeddable":true,"href":"https:\/\/communio.pl\/index.php?rest_route=%2Fwp%2Fv2%2Fcomments&post=553"}],"version-history":[{"count":0,"href":"https:\/\/communio.pl\/index.php?rest_route=\/wp\/v2\/posts\/553\/revisions"}],"wp:attachment":[{"href":"https:\/\/communio.pl\/index.php?rest_route=%2Fwp%2Fv2%2Fmedia&parent=553"}],"wp:term":[{"taxonomy":"category","embeddable":true,"href":"https:\/\/communio.pl\/index.php?rest_route=%2Fwp%2Fv2%2Fcategories&post=553"},{"taxonomy":"post_tag","embeddable":true,"href":"https:\/\/communio.pl\/index.php?rest_route=%2Fwp%2Fv2%2Ftags&post=553"}],"curies":[{"name":"wp","href":"https:\/\/api.w.org\/{rel}","templated":true}]}}