{"id":507,"date":"2019-01-23T11:46:45","date_gmt":"2019-01-23T11:46:45","guid":{"rendered":"http:\/\/communio.pl\/?p=507"},"modified":"2019-01-23T11:46:45","modified_gmt":"2019-01-23T11:46:45","slug":"judaizm","status":"publish","type":"post","link":"https:\/\/communio.pl\/?p=507","title":{"rendered":"Judaizm"},"content":{"rendered":"\n<h2>Nr 88<\/h2>\n\n\n\n<p>Obok tendencji konserwatywnych, od d\u0142u\u017cszego czasu obserwuje si\u0119 tendencje liberalne w \u0142onie wsp\u00f3\u0142czesnego judaizmu. Wsz\u0119dzie odczuwa si\u0119 potrzeb\u0119 reformy stylu \u017cycia. &#8222;Nie chodzi wcale o rozbicie judaizmu, ale o wy\u0142owienie element\u00f3w trwa\u0142ych, a wi\u0119c i wsp\u00f3\u0142czesnych. Nie chodzi o wyeliminowanie istoty judaizmu, ale o jego zaktualizowanie, w\u0142\u0105czenie go w problematyk\u0119 czas\u00f3w wsp\u00f3\u0142czesnych, zaadaptowanie, w\u0142\u0105czenie go w problematyk\u0119 czas\u00f3w wsp\u00f3\u0142czesnych, zaadaptowanie jego stylu \u017cycia do czas\u00f3w obecnych&#8221;. S\u0142yszy si\u0119 wo\u0142anie o to, by judaizm przesta\u0142 by\u0107 &#8222;muzeum \u017cycia&#8221; czy tajemniczym ogrodem. Nale\u017cy otworzy\u0107 szeroko okna na \u015bwiat, w kt\u00f3rym \u017cyj\u0105 i umieraj\u0105 \u017bydzi. Trudno\u015b\u0107 tkwi w tym, \u017ce brak jest odpowiednich autorytet\u00f3w. Dawniej istnia\u0142 sanhedryn, kt\u00f3ry podejmowa\u0142 decyzje. Dzi\u015b czego\u015b takiego nie ma. &#8222;Judaizm nie ma swojego Watykanu&#8221;. Wprawdzie s\u0105 w Izraelu dwaj wielcy rabini, jeden rytu aszkenazyjskiego, drugi rytu sefardyjskiego; jednak\u017ce nie anga\u017cuj\u0105 si\u0119 oni w dzie\u0142o odnowy my\u015bli \u017cydowskiej. Tymczasem wsp\u00f3\u0142czesny student uniwersytetu w Pary\u017cu czy Nowym Jorku nie rozumie, dlaczego w dniu szabatu nie wolno mu mie\u0107 przy sobie chusteczki do nosa lub dowodu osobistego, bo to oznacza, \u017ce co\u015b nosi w szabat. Tak samo nie rozumie, dlaczego w tym dniu nie mo\u017ce wsi\u0105\u015b\u0107 do metra lub pojecha\u0107 na drugie pi\u0119tro wind\u0105. St\u0105d te\u017c wielu wsp\u00f3\u0142czesnych \u017byd\u00f3w, r\u00f3wnie\u017c tych, kt\u00f3rzy mieszkaj\u0105 w Izraelu, oczekuje na reform\u0119 stylu \u017cycia, kt\u00f3ry by\u0142by odpowiedni do czas\u00f3w obecnych.<\/p>\n\n\n\n<p><strong>SPIS TRE\u015aCI<\/strong><\/p>\n\n\n\n<ul><li>Chrze\u015bcija\u0144scy teologowie \u015bredniowieczni a judaizm [Gilbert Dahan]<\/li><li>Izrael wobec powo\u0142ania Bo\u017cego [Dieter Zeller]<\/li><li>Judaizm [Ks. Ryszard Rubinkiewicz SDB]<\/li><li>Ko\u015bci\u00f3\u0142 i judaizm. Bolesny proces oddzielania si\u0119 Ko\u015bcio\u0142a od Izraela [Franz Mussner]<\/li><li>Pisarze chrze\u015bcija\u0144scy a \u017bydzi [Wolfgang Speyer]<\/li><li>Rola \u015awi\u0105tyni Jerozolimskiej w \u017cyciu i doktrynie Izraela [Franciszek Mickiewicz SAC]<\/li><li>Teologiczny aspekt nowo\u017cytnego judaizmu [Kurt Hruby]<\/li><li>Wsp\u00f3\u0142czesna postawa Ko\u015bcio\u0142a wzgl\u0119dem \u017byd\u00f3w [Julian Warzecha]<\/li><li>Wyj\u015bcie Izraelit\u00f3w z Egiptu: tradycja hermaneutyczna dla historii ludzkiej [Alberto Ramirez]<\/li><\/ul>\n\n\n\n<p><a href=\"https:\/\/communio.pl\/?page_id=205\">Lista&nbsp;numer\u00f3w<\/a><\/p>\n","protected":false},"excerpt":{"rendered":"<p>Nr 88 Obok tendencji konserwatywnych, od d\u0142u\u017cszego czasu obserwuje si\u0119 tendencje liberalne w \u0142onie wsp\u00f3\u0142czesnego judaizmu. Wsz\u0119dzie odczuwa si\u0119 potrzeb\u0119 reformy stylu \u017cycia. &#8222;Nie chodzi wcale o rozbicie judaizmu, ale o wy\u0142owienie element\u00f3w trwa\u0142ych, a wi\u0119c i wsp\u00f3\u0142czesnych. Nie chodzi o wyeliminowanie istoty judaizmu, ale o jego zaktualizowanie, w\u0142\u0105czenie go w problematyk\u0119 czas\u00f3w wsp\u00f3\u0142czesnych, zaadaptowanie, &hellip; <a href=\"https:\/\/communio.pl\/?p=507\" class=\"more-link\">Czytaj dalej<span class=\"screen-reader-text\"> Judaizm<\/span><\/a><\/p>\n","protected":false},"author":1,"featured_media":0,"comment_status":"closed","ping_status":"open","sticky":false,"template":"","format":"standard","meta":[],"categories":[3],"tags":[],"_links":{"self":[{"href":"https:\/\/communio.pl\/index.php?rest_route=\/wp\/v2\/posts\/507"}],"collection":[{"href":"https:\/\/communio.pl\/index.php?rest_route=\/wp\/v2\/posts"}],"about":[{"href":"https:\/\/communio.pl\/index.php?rest_route=\/wp\/v2\/types\/post"}],"author":[{"embeddable":true,"href":"https:\/\/communio.pl\/index.php?rest_route=\/wp\/v2\/users\/1"}],"replies":[{"embeddable":true,"href":"https:\/\/communio.pl\/index.php?rest_route=%2Fwp%2Fv2%2Fcomments&post=507"}],"version-history":[{"count":0,"href":"https:\/\/communio.pl\/index.php?rest_route=\/wp\/v2\/posts\/507\/revisions"}],"wp:attachment":[{"href":"https:\/\/communio.pl\/index.php?rest_route=%2Fwp%2Fv2%2Fmedia&parent=507"}],"wp:term":[{"taxonomy":"category","embeddable":true,"href":"https:\/\/communio.pl\/index.php?rest_route=%2Fwp%2Fv2%2Fcategories&post=507"},{"taxonomy":"post_tag","embeddable":true,"href":"https:\/\/communio.pl\/index.php?rest_route=%2Fwp%2Fv2%2Ftags&post=507"}],"curies":[{"name":"wp","href":"https:\/\/api.w.org\/{rel}","templated":true}]}}