{"id":485,"date":"2019-01-23T11:24:27","date_gmt":"2019-01-23T11:24:27","guid":{"rendered":"http:\/\/communio.pl\/?p=485"},"modified":"2019-01-23T11:24:27","modified_gmt":"2019-01-23T11:24:27","slug":"postmodernizm","status":"publish","type":"post","link":"https:\/\/communio.pl\/?p=485","title":{"rendered":"Postmodernizm"},"content":{"rendered":"\n<h2>Nr 84<\/h2>\n\n\n\n<p><strong>SPIS TRE\u015aCI<\/strong><\/p>\n\n\n\n<ul><li>Czasy wsp\u00f3\u0142czesne a postmodernizm we wsp\u00f3\u0142czesnej my\u015bli filozoficznej [Giancarlo Penati]<\/li><li>Czym jest \u015bwiadomo\u015b\u0107 moralna? o levinasowskiej koncepcji sumienia [Ryszard Mo\u0144]<\/li><li>L\u0119k przed pustk\u0105 i bezsensem [Jan Adrian \u0141ata]<\/li><li>Misja chrze\u015bcijanina w czasach kryzysu kultury [Juan Jose Garrido]<\/li><li>Postmodernizm [Lucjan Balter SAC]<\/li><li>Postmodernizm a odpowiedzialno\u015b\u0107 chrze\u015bcijan [Elio Guerriero]<\/li><li>Przezwyci\u0119\u017canie wsp\u00f3\u0142czesno\u015bci [Dadeus Grings]<\/li><li>Sprawozdanie z mi\u0119dzynarodowego spotkania Redakcji &#8222;Communio&#8221; w Lizbonie 11-13 V 1994 r [Julian Warzecha]<\/li><li>Wiara wobec wyzwa\u0144 postmodernizmu [Johan van der Vloet]<\/li><li>Wsp\u00f3\u0142czesna sztuka i architektura a \u015bwi\u0119to\u015b\u0107 znak\u00f3w [Maria Antonietta Crippa]<br><\/li><\/ul>\n\n\n\n<p><a href=\"https:\/\/communio.pl\/?page_id=205\">Lista&nbsp;numer\u00f3w<\/a><\/p>\n","protected":false},"excerpt":{"rendered":"<p>Nr 84 SPIS TRE\u015aCI Czasy wsp\u00f3\u0142czesne a postmodernizm we wsp\u00f3\u0142czesnej my\u015bli filozoficznej [Giancarlo Penati] Czym jest \u015bwiadomo\u015b\u0107 moralna? o levinasowskiej koncepcji sumienia [Ryszard Mo\u0144] L\u0119k przed pustk\u0105 i bezsensem [Jan Adrian \u0141ata] Misja chrze\u015bcijanina w czasach kryzysu kultury [Juan Jose Garrido] Postmodernizm [Lucjan Balter SAC] Postmodernizm a odpowiedzialno\u015b\u0107 chrze\u015bcijan [Elio Guerriero] Przezwyci\u0119\u017canie wsp\u00f3\u0142czesno\u015bci [Dadeus Grings] &hellip; <a href=\"https:\/\/communio.pl\/?p=485\" class=\"more-link\">Czytaj dalej<span class=\"screen-reader-text\"> Postmodernizm<\/span><\/a><\/p>\n","protected":false},"author":1,"featured_media":0,"comment_status":"closed","ping_status":"open","sticky":false,"template":"","format":"standard","meta":[],"categories":[3],"tags":[],"_links":{"self":[{"href":"https:\/\/communio.pl\/index.php?rest_route=\/wp\/v2\/posts\/485"}],"collection":[{"href":"https:\/\/communio.pl\/index.php?rest_route=\/wp\/v2\/posts"}],"about":[{"href":"https:\/\/communio.pl\/index.php?rest_route=\/wp\/v2\/types\/post"}],"author":[{"embeddable":true,"href":"https:\/\/communio.pl\/index.php?rest_route=\/wp\/v2\/users\/1"}],"replies":[{"embeddable":true,"href":"https:\/\/communio.pl\/index.php?rest_route=%2Fwp%2Fv2%2Fcomments&post=485"}],"version-history":[{"count":0,"href":"https:\/\/communio.pl\/index.php?rest_route=\/wp\/v2\/posts\/485\/revisions"}],"wp:attachment":[{"href":"https:\/\/communio.pl\/index.php?rest_route=%2Fwp%2Fv2%2Fmedia&parent=485"}],"wp:term":[{"taxonomy":"category","embeddable":true,"href":"https:\/\/communio.pl\/index.php?rest_route=%2Fwp%2Fv2%2Fcategories&post=485"},{"taxonomy":"post_tag","embeddable":true,"href":"https:\/\/communio.pl\/index.php?rest_route=%2Fwp%2Fv2%2Ftags&post=485"}],"curies":[{"name":"wp","href":"https:\/\/api.w.org\/{rel}","templated":true}]}}