{"id":449,"date":"2019-01-23T11:00:23","date_gmt":"2019-01-23T11:00:23","guid":{"rendered":"http:\/\/communio.pl\/?p=449"},"modified":"2019-01-23T11:00:23","modified_gmt":"2019-01-23T11:00:23","slug":"ekologia","status":"publish","type":"post","link":"https:\/\/communio.pl\/?p=449","title":{"rendered":"Ekologia"},"content":{"rendered":"\n<h2>Nr 72<\/h2>\n\n\n\n<p><strong>SPIS TRE\u015aCI<\/strong><\/p>\n\n\n\n<ul><li>Cz\u0142owiek koron\u0105 stworzenia? [Richard Schenk]<\/li><li>Cz\u0142owiek w centrum ochrony \u015brodowiska? [Reinhard Low]<\/li><li>Ekologia i polityka. Ochrona \u015brodowiska jako cel pa\u0144stwa [Klaus Topfer]<\/li><li>Kosmos &#8222;przeb\u00f3stwiony&#8221;: przyczynek do sakramentalnej teologii \u015bwiata [Jose Jacinto Ferreira de Farias]<\/li><li>Kszta\u0142towanie postawy odpowiedzialno\u015bci ekologicznej [Pawe\u0142 G\u00f3ralczyk SAC]<\/li><li>Ku ekologii jako wydarzeniu eklezjalnemu: teologia prawos\u0142awna i etyka ekologiczna [Vigen Guroian]<\/li><li>Prawa zwierz\u0105t? [Stratford Caldecott]<\/li><li>Stworzono\u015b\u0107 cz\u0142owieka podstaw\u0105 jego odpowiedzialno\u015bci ekologicznej [Bp Karl Lehmann]<\/li><li>Stworzono\u015b\u0107 cz\u0142owieka podstaw\u0105 jego odpowiedzialno\u015bci za ziemi\u0119 [Bp Karl Lehmann]<\/li><li>\u015awiat &#8211; dobre stworzenie Boga? Kryzys ekologiczny jako wyzwanie chrze\u015bcija\u0144skiej nauce Boga [Wendelin Knoch]<\/li><\/ul>\n\n\n\n<p><a href=\"https:\/\/communio.pl\/?page_id=205\">Lista&nbsp;numer\u00f3w<\/a><\/p>\n","protected":false},"excerpt":{"rendered":"<p>Nr 72 SPIS TRE\u015aCI Cz\u0142owiek koron\u0105 stworzenia? [Richard Schenk] Cz\u0142owiek w centrum ochrony \u015brodowiska? [Reinhard Low] Ekologia i polityka. Ochrona \u015brodowiska jako cel pa\u0144stwa [Klaus Topfer] Kosmos &#8222;przeb\u00f3stwiony&#8221;: przyczynek do sakramentalnej teologii \u015bwiata [Jose Jacinto Ferreira de Farias] Kszta\u0142towanie postawy odpowiedzialno\u015bci ekologicznej [Pawe\u0142 G\u00f3ralczyk SAC] Ku ekologii jako wydarzeniu eklezjalnemu: teologia prawos\u0142awna i etyka ekologiczna &hellip; <a href=\"https:\/\/communio.pl\/?p=449\" class=\"more-link\">Czytaj dalej<span class=\"screen-reader-text\"> Ekologia<\/span><\/a><\/p>\n","protected":false},"author":1,"featured_media":0,"comment_status":"closed","ping_status":"open","sticky":false,"template":"","format":"standard","meta":[],"categories":[3],"tags":[],"_links":{"self":[{"href":"https:\/\/communio.pl\/index.php?rest_route=\/wp\/v2\/posts\/449"}],"collection":[{"href":"https:\/\/communio.pl\/index.php?rest_route=\/wp\/v2\/posts"}],"about":[{"href":"https:\/\/communio.pl\/index.php?rest_route=\/wp\/v2\/types\/post"}],"author":[{"embeddable":true,"href":"https:\/\/communio.pl\/index.php?rest_route=\/wp\/v2\/users\/1"}],"replies":[{"embeddable":true,"href":"https:\/\/communio.pl\/index.php?rest_route=%2Fwp%2Fv2%2Fcomments&post=449"}],"version-history":[{"count":0,"href":"https:\/\/communio.pl\/index.php?rest_route=\/wp\/v2\/posts\/449\/revisions"}],"wp:attachment":[{"href":"https:\/\/communio.pl\/index.php?rest_route=%2Fwp%2Fv2%2Fmedia&parent=449"}],"wp:term":[{"taxonomy":"category","embeddable":true,"href":"https:\/\/communio.pl\/index.php?rest_route=%2Fwp%2Fv2%2Fcategories&post=449"},{"taxonomy":"post_tag","embeddable":true,"href":"https:\/\/communio.pl\/index.php?rest_route=%2Fwp%2Fv2%2Ftags&post=449"}],"curies":[{"name":"wp","href":"https:\/\/api.w.org\/{rel}","templated":true}]}}