{"id":373,"date":"2019-01-23T10:15:57","date_gmt":"2019-01-23T10:15:57","guid":{"rendered":"http:\/\/communio.pl\/?p=373"},"modified":"2019-01-23T10:15:57","modified_gmt":"2019-01-23T10:15:57","slug":"wspolnota-swietych","status":"publish","type":"post","link":"https:\/\/communio.pl\/?p=373","title":{"rendered":"Wsp\u00f3lnota \u015bwi\u0119tych"},"content":{"rendered":"\n<h2>Nr 51<\/h2>\n\n\n\n<p><strong>SPIS TRE\u015aCI<\/strong><\/p>\n\n\n\n<ul><li>&#8222;Communio sanctorum&#8221; jako wsp\u00f3lnota trzech stan\u00f3w Ko\u015bcio\u0142a: pielgrzymuj\u0105cego, oczyszczaj\u0105cego si\u0119 i chwalebnego [Christoph Schonborn]<\/li><li>&#8222;\u015awi\u0119te dla \u015bwi\u0119tych!&#8221; Ojcowie Ko\u015bcio\u0142a o wsp\u00f3lnocie \u015bwi\u0119tych [Pierre Trouillez]<\/li><li>Dziewica Maryja we wsp\u00f3lnocie \u015bwi\u0119tych [Georges Chantraine SJ]<\/li><li>Eschatycznty charakter tajemnicy Ko\u015bcio\u0142a w \u015bwietle Konstytucji &#8222;Lumen Gentium&#8221; [Franciszek Dylus]<\/li><li>Katolicyzm a wsp\u00f3lnota \u015bwi\u0119tych [Hans Urs von Balthasar]<\/li><li>Niebia\u0144ska Jerozolima miejscem szcz\u0119\u015bcia [Ks. Stanis\u0142aw Kobielus]<\/li><li>Od &#8222;communio sanctorum&#8221; do &#8222;communio oecumenica&#8221; [Barbara Hallensleben]<\/li><li>Wierz\u0119 w \u015bwi\u0119tych obcowanie [Manuel Gesteira]<\/li><li>Wsp\u00f3lnota w Ko\u015bciele-komunii [Joaquin Losada]<\/li><li>Wsp\u00f3lnota \u015bwi\u0119tych: do\u015bwiadczenie i medytacja [Xabier Pikaza]<\/li><\/ul>\n","protected":false},"excerpt":{"rendered":"<p>Nr 51 SPIS TRE\u015aCI &#8222;Communio sanctorum&#8221; jako wsp\u00f3lnota trzech stan\u00f3w Ko\u015bcio\u0142a: pielgrzymuj\u0105cego, oczyszczaj\u0105cego si\u0119 i chwalebnego [Christoph Schonborn] &#8222;\u015awi\u0119te dla \u015bwi\u0119tych!&#8221; Ojcowie Ko\u015bcio\u0142a o wsp\u00f3lnocie \u015bwi\u0119tych [Pierre Trouillez] Dziewica Maryja we wsp\u00f3lnocie \u015bwi\u0119tych [Georges Chantraine SJ] Eschatycznty charakter tajemnicy Ko\u015bcio\u0142a w \u015bwietle Konstytucji &#8222;Lumen Gentium&#8221; [Franciszek Dylus] Katolicyzm a wsp\u00f3lnota \u015bwi\u0119tych [Hans Urs von Balthasar] &hellip; <a href=\"https:\/\/communio.pl\/?p=373\" class=\"more-link\">Czytaj dalej<span class=\"screen-reader-text\"> Wsp\u00f3lnota \u015bwi\u0119tych<\/span><\/a><\/p>\n","protected":false},"author":1,"featured_media":0,"comment_status":"closed","ping_status":"open","sticky":false,"template":"","format":"standard","meta":[],"categories":[3],"tags":[],"_links":{"self":[{"href":"https:\/\/communio.pl\/index.php?rest_route=\/wp\/v2\/posts\/373"}],"collection":[{"href":"https:\/\/communio.pl\/index.php?rest_route=\/wp\/v2\/posts"}],"about":[{"href":"https:\/\/communio.pl\/index.php?rest_route=\/wp\/v2\/types\/post"}],"author":[{"embeddable":true,"href":"https:\/\/communio.pl\/index.php?rest_route=\/wp\/v2\/users\/1"}],"replies":[{"embeddable":true,"href":"https:\/\/communio.pl\/index.php?rest_route=%2Fwp%2Fv2%2Fcomments&post=373"}],"version-history":[{"count":0,"href":"https:\/\/communio.pl\/index.php?rest_route=\/wp\/v2\/posts\/373\/revisions"}],"wp:attachment":[{"href":"https:\/\/communio.pl\/index.php?rest_route=%2Fwp%2Fv2%2Fmedia&parent=373"}],"wp:term":[{"taxonomy":"category","embeddable":true,"href":"https:\/\/communio.pl\/index.php?rest_route=%2Fwp%2Fv2%2Fcategories&post=373"},{"taxonomy":"post_tag","embeddable":true,"href":"https:\/\/communio.pl\/index.php?rest_route=%2Fwp%2Fv2%2Ftags&post=373"}],"curies":[{"name":"wp","href":"https:\/\/api.w.org\/{rel}","templated":true}]}}