{"id":361,"date":"2019-01-23T10:11:46","date_gmt":"2019-01-23T10:11:46","guid":{"rendered":"http:\/\/communio.pl\/?p=361"},"modified":"2019-01-23T10:11:46","modified_gmt":"2019-01-23T10:11:46","slug":"jan-pawel-ii","status":"publish","type":"post","link":"https:\/\/communio.pl\/?p=361","title":{"rendered":"Jan Pawe\u0142 II"},"content":{"rendered":"\n<h2>Nr 47<\/h2>\n\n\n\n<p>\n\nDziesi\u0119ciolecie pontyfikatu papie\u017ca Jana Paw\u0142a II sk\u0142oni\u0142o polsk\u0105 redakcj\u0119 Communio do zmiany zaplanowanego wcze\u015bniej porz\u0105dku tematycznego i po\u015bwi\u0119cenia (dedykowania) pi\u0105tego tegorocznego numeru pisma (wrzesie\u0144-pa\u017adziernik) JANOWI PAW\u0141OWI II.<\/p>\n\n\n\n<p>Jak jednak i co wybiera\u0107? Skoro nie da si\u0119 powiedzie\u0107 wszystkiego (zadanie po ludzku niewykonalne!), mo\u017ce dobrze b\u0119dzie uzna\u0107 niekt\u00f3re przynajmniej aspekty pos\u0142ugiwania Piotra naszych czas\u00f3w, ogl\u0105dane oczyma r\u00f3\u017cnych ludzi: \u015bwieckich i duchownych, profesor\u00f3w teologii i dziennikarzy, zwi\u0105zanych blisko z osob\u0105 Papie\u017ca (kardyna\u0142owie) i spogl\u0105daj\u0105cych na Niego z pewnej dali. Chronologiczny, na ile to mo\u017cliwe, uk\u0142ad tych\u017ce spojrze\u0144 pozwoli dostrzec dynamik\u0119 mijaj\u0105cych w\u0142a\u015bnie dziesi\u0119ciu lat Pontyfikatu, problemy trudne i bolesne, z kt\u00f3rymi musi si\u0119 boryka\u0107 Jan Pawe\u0142 II, &#8222;nowy styl&#8221; Jego pos\u0142ugiwania pasterskiego, nastawionego wyra\u017anie na zbli\u017caj\u0105cy si\u0119 szybko rok 2000, Jego wk\u0142ad w dzie\u0142o pokoju, wyzwolenia cz\u0142owieka i ugruntowania prawdziwego humanizmu na \u015bwiecie, by zupe\u0142nie indywidualnie ju\u017c oceni\u0107, na ile sugerowany na samym pocz\u0105tku pontyfikatu przez aktualnego kardyna\u0142a P. Pouparda tytu\u0142: Papie\u017c Nadziei pokrywa si\u0119 z rzeczywisto\u015bci\u0105, a wi\u0119c: czy i na ile Jan Pawe\u0142 II jest PAPIE\u017bEM NADZIEI!<\/p>\n\n\n\n<p>Nie ulega w\u0105tpliwo\u015bci, \u017ce Jan Pawe\u0142 II od pierwszych chwil swego pontyfikatu stara si\u0119 podtrzyma\u0107 i umocni\u0107 nadziej\u0119 nie tylko w sercach ludzi wierz\u0105cych w Chrystusa, ale w ca\u0142ym wsp\u00f3\u0142czesnym, tak bardzo zal\u0119knionym i zagubionym w sobie \u015bwiecie. Papie\u017c nie tylko m\u00f3wi o nadziei, ale j\u0105 o\u017cywia, przemierzaj\u0105c r\u00f3\u017cne kontynenty.<br>Redakcji nie pozostaje nic innego, jak wyrazi\u0107 \u017cyczenie, by si\u0119 spe\u0142ni\u0142y te wielkie oczekiwania i nadzieje, a Jan Pawe\u0142 II okaza\u0142 si\u0119 dla wszystkich i ka\u017cdego z osobna mieszka\u0144ca naszej planety PAPIE\u017bEM NADZIEI.<\/p>\n\n\n\n<p><strong>SPIS TRE\u015aCI<\/strong><\/p>\n\n\n\n<ul><li>&#8222;Utwierdzaj twoich braci&#8221;. Niekt\u00f3re aspekty pastoralnych poczyna\u0144 Jana Paw\u0142a II [Stefaan van Calster]<\/li><li>Jan Pawe\u0142 II w Urugwaju, Chile i Argentynie [Pierre Gouraud]<\/li><li>Nauka i kultura w s\u0142u\u017cbie cz\u0142owieka: Jan Pawe\u0142 II, [Georges Kalinowski]<\/li><li>Nowy styl [Oskar Simmel]<\/li><li>Od Paw\u0142a VI do Jana Paw\u0142a II [Kardyna\u0142 Paul Poupard]<\/li><li>Od Puebli do Droghedy: Jan Pawe\u0142 II [Andre Manaranche]<\/li><li>Od Redakcji<\/li><li>Papie\u017c i telewizja [Derrick de Kerckhove]<\/li><li>Powr\u00f3t profetyzmu: Jan Pawe\u0142 II w Polsce [Jean Chelini]<\/li><li>Prawa ludzkie jako zasady chrze\u015bcija\u0144skiego humanizmu. Spo\u0142eczno-etyczne zaanga\u017cowanie Jana Paw\u0142a II [Otfried Hoffe]<\/li><li>Religijno\u015b\u0107 ludowa w nauczaniu Jana Paw\u0142a II [Benedetto Testa]<\/li><li>Rok Maryjny [Dadeus Grings]<\/li><li>Wizyta Papie\u017ca w Nikaragui: fakty [Abp Luciano Jose Cabral Duarte]<\/li><\/ul>\n","protected":false},"excerpt":{"rendered":"<p>Nr 47 Dziesi\u0119ciolecie pontyfikatu papie\u017ca Jana Paw\u0142a II sk\u0142oni\u0142o polsk\u0105 redakcj\u0119 Communio do zmiany zaplanowanego wcze\u015bniej porz\u0105dku tematycznego i po\u015bwi\u0119cenia (dedykowania) pi\u0105tego tegorocznego numeru pisma (wrzesie\u0144-pa\u017adziernik) JANOWI PAW\u0141OWI II. Jak jednak i co wybiera\u0107? Skoro nie da si\u0119 powiedzie\u0107 wszystkiego (zadanie po ludzku niewykonalne!), mo\u017ce dobrze b\u0119dzie uzna\u0107 niekt\u00f3re przynajmniej aspekty pos\u0142ugiwania Piotra naszych czas\u00f3w, &hellip; <a href=\"https:\/\/communio.pl\/?p=361\" class=\"more-link\">Czytaj dalej<span class=\"screen-reader-text\"> Jan Pawe\u0142 II<\/span><\/a><\/p>\n","protected":false},"author":1,"featured_media":0,"comment_status":"closed","ping_status":"open","sticky":false,"template":"","format":"standard","meta":[],"categories":[3],"tags":[],"_links":{"self":[{"href":"https:\/\/communio.pl\/index.php?rest_route=\/wp\/v2\/posts\/361"}],"collection":[{"href":"https:\/\/communio.pl\/index.php?rest_route=\/wp\/v2\/posts"}],"about":[{"href":"https:\/\/communio.pl\/index.php?rest_route=\/wp\/v2\/types\/post"}],"author":[{"embeddable":true,"href":"https:\/\/communio.pl\/index.php?rest_route=\/wp\/v2\/users\/1"}],"replies":[{"embeddable":true,"href":"https:\/\/communio.pl\/index.php?rest_route=%2Fwp%2Fv2%2Fcomments&post=361"}],"version-history":[{"count":0,"href":"https:\/\/communio.pl\/index.php?rest_route=\/wp\/v2\/posts\/361\/revisions"}],"wp:attachment":[{"href":"https:\/\/communio.pl\/index.php?rest_route=%2Fwp%2Fv2%2Fmedia&parent=361"}],"wp:term":[{"taxonomy":"category","embeddable":true,"href":"https:\/\/communio.pl\/index.php?rest_route=%2Fwp%2Fv2%2Fcategories&post=361"},{"taxonomy":"post_tag","embeddable":true,"href":"https:\/\/communio.pl\/index.php?rest_route=%2Fwp%2Fv2%2Ftags&post=361"}],"curies":[{"name":"wp","href":"https:\/\/api.w.org\/{rel}","templated":true}]}}