{"id":281,"date":"2019-01-23T08:34:43","date_gmt":"2019-01-23T08:34:43","guid":{"rendered":"http:\/\/communio.pl\/?p=281"},"modified":"2019-01-23T08:34:43","modified_gmt":"2019-01-23T08:34:43","slug":"chrzescijanin-a-wladza","status":"publish","type":"post","link":"https:\/\/communio.pl\/?p=281","title":{"rendered":"Chrze\u015bcijanin a w\u0142adza"},"content":{"rendered":"\n<h2>Nr 21<\/h2>\n\n\n\n<p><strong>SPIS TRE\u015aCI<\/strong><\/p>\n\n\n\n<ul><li>Autorytet apostolski w ludzie Bo\u017cym [Winfried Aymans]<\/li><li>Chrze\u015bcijanie, Ko\u015bci\u00f3\u0142 i w\u0142adza polityczna [Alting von Geusau F.A.M.]<\/li><li>Doktryna spo\u0142eczna Ko\u015bcio\u0142a [Carlo Caffara]<\/li><li>Duchowny status wymaga\u0144 spo\u0142ecznych w nauczaniu Jana Paw\u0142a II [Bp Rozer Heckel]<\/li><li>Etyczne pos\u0142ugiwanie sie w\u0142adz\u0105 w \u017cyciu i duchowo\u015bci chrze\u015bcijan [Homen Edson de Castro]<\/li><li>Genealogia polityki [Vincent Carraud]<\/li><li>Polityczne mesjanizmy [Bernard Ibal]<\/li><li>Problemy moralne w\u0142adzy politycznej [Pawe\u0142 G\u00f3ralczyk SAC]<\/li><li>Uwarunkowania w\u0142adzy politycznej w my\u015bli Stefana Kardyna\u0142a Wyszy\u0144skiego [Witold Zdaniewicz]<\/li><li>Wszechmoc Bo\u017ca &#8211; dobro\u0107 i s\u0142u\u017cba [Hans Urs von Balthasar]<\/li><li>W\u0142adza jako s\u0142u\u017cba [Jan Lambrecht]<\/li><\/ul>\n","protected":false},"excerpt":{"rendered":"<p>Nr 21 SPIS TRE\u015aCI Autorytet apostolski w ludzie Bo\u017cym [Winfried Aymans] Chrze\u015bcijanie, Ko\u015bci\u00f3\u0142 i w\u0142adza polityczna [Alting von Geusau F.A.M.] Doktryna spo\u0142eczna Ko\u015bcio\u0142a [Carlo Caffara] Duchowny status wymaga\u0144 spo\u0142ecznych w nauczaniu Jana Paw\u0142a II [Bp Rozer Heckel] Etyczne pos\u0142ugiwanie sie w\u0142adz\u0105 w \u017cyciu i duchowo\u015bci chrze\u015bcijan [Homen Edson de Castro] Genealogia polityki [Vincent Carraud] Polityczne &hellip; <a href=\"https:\/\/communio.pl\/?p=281\" class=\"more-link\">Czytaj dalej<span class=\"screen-reader-text\"> Chrze\u015bcijanin a w\u0142adza<\/span><\/a><\/p>\n","protected":false},"author":1,"featured_media":0,"comment_status":"closed","ping_status":"open","sticky":false,"template":"","format":"standard","meta":[],"categories":[3],"tags":[],"_links":{"self":[{"href":"https:\/\/communio.pl\/index.php?rest_route=\/wp\/v2\/posts\/281"}],"collection":[{"href":"https:\/\/communio.pl\/index.php?rest_route=\/wp\/v2\/posts"}],"about":[{"href":"https:\/\/communio.pl\/index.php?rest_route=\/wp\/v2\/types\/post"}],"author":[{"embeddable":true,"href":"https:\/\/communio.pl\/index.php?rest_route=\/wp\/v2\/users\/1"}],"replies":[{"embeddable":true,"href":"https:\/\/communio.pl\/index.php?rest_route=%2Fwp%2Fv2%2Fcomments&post=281"}],"version-history":[{"count":0,"href":"https:\/\/communio.pl\/index.php?rest_route=\/wp\/v2\/posts\/281\/revisions"}],"wp:attachment":[{"href":"https:\/\/communio.pl\/index.php?rest_route=%2Fwp%2Fv2%2Fmedia&parent=281"}],"wp:term":[{"taxonomy":"category","embeddable":true,"href":"https:\/\/communio.pl\/index.php?rest_route=%2Fwp%2Fv2%2Fcategories&post=281"},{"taxonomy":"post_tag","embeddable":true,"href":"https:\/\/communio.pl\/index.php?rest_route=%2Fwp%2Fv2%2Ftags&post=281"}],"curies":[{"name":"wp","href":"https:\/\/api.w.org\/{rel}","templated":true}]}}