{"id":2051,"date":"2024-08-08T07:50:09","date_gmt":"2024-08-08T07:50:09","guid":{"rendered":"https:\/\/communio.pl\/?p=2051"},"modified":"2024-08-08T07:50:09","modified_gmt":"2024-08-08T07:50:09","slug":"od-ekscentryzmu-do-swiata-ktory-zaprzecza-zarowno-naturze-jak-i-lasce-polifoniczna-analiza-sekularyzmu","status":"publish","type":"post","link":"https:\/\/communio.pl\/?p=2051","title":{"rendered":"OD EKSCENTRYZMU DO \u015aWIATA, KT\u00d3RY ZAPRZECZA ZAR\u00d3WNO NATURZE, JAK I \u0141ASCE: POLIFONICZNA ANALIZA SEKULARYZMU"},"content":{"rendered":"\n<p><strong>TRACEY ROWLAND<\/strong><\/p>\n\n\n\n<p>DOI: 10.48224\/COM-223-2023-30<\/p>\n\n\n\n<p>Streszczenie<\/p>\n\n\n\n<p><br>Tracy Rowland w swoim artykule \u201eOd ekscentryzmu do \u015bwiata, kt\u00f3ry<br>zaprzecza zar\u00f3wno naturze, jak i \u0142asce: polifoniczna analiza sekularyzmu\u201d<br>podejmuje problematyk\u0119 sekularyzmu. Tracey Rowland podkre\u015bla prac\u0119<br>niekt\u00f3rych spo\u015br\u00f3d najwa\u017cniejszych osobisto\u015bci z W\u0142och, Francji, Niemiec i Ameryki, kt\u00f3re pomog\u0142y w ostatnich dziesi\u0119cioleciach ukszta\u0142towa\u0107 podej\u015bcie Communio do godzenia dziedzin rzeczywisto\u015bci i \u017cycia ludzkiego,<br>kt\u00f3re wsp\u00f3\u0142czesna kultura w charakterystyczny spos\u00f3b stawia w opozycji,<br>takich jak metafizyka i polityka lub religia i kultura. \u201e[Autentyczne] chrze\u015bcija\u0144stwo\u201d \u2013 przypomina nam Rowland \u2013 \u201ejednoczy to, co inne tradycje<br>religijne staraj\u0105 si\u0119 rozdzieli\u0107.<\/p>\n\n\n\n<p id=\"block-cd0e546f-5247-487f-bcaf-dc3cad5f95b2\">(reszta artyku\u0142u w wydaniu papierowym)<\/p>\n\n\n\n<p id=\"block-c528c10b-e872-49ad-94de-c2beaee75456\"><a href=\"javascript:history.back()\">&lt;&lt;wstecz<\/a><\/p>\n","protected":false},"excerpt":{"rendered":"<p>TRACEY ROWLAND DOI: 10.48224\/COM-223-2023-30 Streszczenie Tracy Rowland w swoim artykule \u201eOd ekscentryzmu do \u015bwiata, kt\u00f3ryzaprzecza zar\u00f3wno naturze, jak i \u0142asce: polifoniczna analiza sekularyzmu\u201dpodejmuje problematyk\u0119 sekularyzmu. Tracey Rowland podkre\u015bla prac\u0119niekt\u00f3rych spo\u015br\u00f3d najwa\u017cniejszych osobisto\u015bci z W\u0142och, Francji, Niemiec i Ameryki, kt\u00f3re pomog\u0142y w ostatnich dziesi\u0119cioleciach ukszta\u0142towa\u0107 podej\u015bcie Communio do godzenia dziedzin rzeczywisto\u015bci i \u017cycia ludzkiego,kt\u00f3re wsp\u00f3\u0142czesna kultura &hellip; <a href=\"https:\/\/communio.pl\/?p=2051\" class=\"more-link\">Czytaj dalej<span class=\"screen-reader-text\"> OD EKSCENTRYZMU DO \u015aWIATA, KT\u00d3RY ZAPRZECZA ZAR\u00d3WNO NATURZE, JAK I \u0141ASCE: POLIFONICZNA ANALIZA SEKULARYZMU<\/span><\/a><\/p>\n","protected":false},"author":1,"featured_media":0,"comment_status":"closed","ping_status":"open","sticky":false,"template":"","format":"standard","meta":[],"categories":[3,4],"tags":[],"_links":{"self":[{"href":"https:\/\/communio.pl\/index.php?rest_route=\/wp\/v2\/posts\/2051"}],"collection":[{"href":"https:\/\/communio.pl\/index.php?rest_route=\/wp\/v2\/posts"}],"about":[{"href":"https:\/\/communio.pl\/index.php?rest_route=\/wp\/v2\/types\/post"}],"author":[{"embeddable":true,"href":"https:\/\/communio.pl\/index.php?rest_route=\/wp\/v2\/users\/1"}],"replies":[{"embeddable":true,"href":"https:\/\/communio.pl\/index.php?rest_route=%2Fwp%2Fv2%2Fcomments&post=2051"}],"version-history":[{"count":1,"href":"https:\/\/communio.pl\/index.php?rest_route=\/wp\/v2\/posts\/2051\/revisions"}],"predecessor-version":[{"id":2052,"href":"https:\/\/communio.pl\/index.php?rest_route=\/wp\/v2\/posts\/2051\/revisions\/2052"}],"wp:attachment":[{"href":"https:\/\/communio.pl\/index.php?rest_route=%2Fwp%2Fv2%2Fmedia&parent=2051"}],"wp:term":[{"taxonomy":"category","embeddable":true,"href":"https:\/\/communio.pl\/index.php?rest_route=%2Fwp%2Fv2%2Fcategories&post=2051"},{"taxonomy":"post_tag","embeddable":true,"href":"https:\/\/communio.pl\/index.php?rest_route=%2Fwp%2Fv2%2Ftags&post=2051"}],"curies":[{"name":"wp","href":"https:\/\/api.w.org\/{rel}","templated":true}]}}