{"id":2011,"date":"2024-07-02T09:49:32","date_gmt":"2024-07-02T09:49:32","guid":{"rendered":"https:\/\/communio.pl\/?p=2011"},"modified":"2024-07-02T09:50:13","modified_gmt":"2024-07-02T09:50:13","slug":"przymierze-boga-z-zydamiw-perspektywie-eseju-papiezabenedykta-xvi","status":"publish","type":"post","link":"https:\/\/communio.pl\/?p=2011","title":{"rendered":"PRZYMIERZE BOGA Z \u017bYDAMI W PERSPEKTYWIE ESEJU PAPIE\u017bA BENEDYKTA XVI"},"content":{"rendered":"\n<p><strong>KS. MARCIN WACHOWICZ<\/strong><\/p>\n\n\n\n<p>DOI: 10.48224\/COM-222-2023-111<\/p>\n\n\n\n<p><strong>Streszczenie<\/strong><\/p>\n\n\n\n<p>Decyduj\u0105cy impuls do zmiany kierunku w relacjach chrze\u015bcijan i \u017cyd\u00f3w da\u0142 niew\u0105tpliwie II Sob\u00f3r Watyka\u0144ski. Soborowa deklaracja Nostra<br>aetate mia\u0142a jednak wymiar pastoralny, na dalszy plan spychaj\u0105c uj\u0119cie<br>teologiczne. Luk\u0119 t\u0119 wype\u0142ni\u0142 Benedykta XVI napisanym przez siebie ju\u017c<br>na papieskiej emeryturze esejem. Papie\u017c w\u0142a\u015bnie w uj\u0119ciu teologicznym<br>dokonuje pewnego rodzaju reinterpretacji trzech bardzo wa\u017cnych dla relacji chrze\u015bcija\u0144stwa z judaizmem zagadnie\u0144: teorii zast\u0119pstwa, obietnicy<br>ziemi oraz nieodwo\u0142alno\u015bci przymierza zawartego przez Boga z Izraelem.<\/p>\n\n\n\n<p id=\"block-cd0e546f-5247-487f-bcaf-dc3cad5f95b2\">(reszta artyku\u0142u w wydaniu papierowym)<\/p>\n\n\n\n<p id=\"block-c528c10b-e872-49ad-94de-c2beaee75456\"><a href=\"javascript:history.back()\">&lt;&lt;wstecz<\/a><\/p>\n","protected":false},"excerpt":{"rendered":"<p>KS. MARCIN WACHOWICZ DOI: 10.48224\/COM-222-2023-111 Streszczenie Decyduj\u0105cy impuls do zmiany kierunku w relacjach chrze\u015bcijan i \u017cyd\u00f3w da\u0142 niew\u0105tpliwie II Sob\u00f3r Watyka\u0144ski. Soborowa deklaracja Nostraaetate mia\u0142a jednak wymiar pastoralny, na dalszy plan spychaj\u0105c uj\u0119cieteologiczne. Luk\u0119 t\u0119 wype\u0142ni\u0142 Benedykta XVI napisanym przez siebie ju\u017cna papieskiej emeryturze esejem. Papie\u017c w\u0142a\u015bnie w uj\u0119ciu teologicznymdokonuje pewnego rodzaju reinterpretacji trzech bardzo &hellip; <a href=\"https:\/\/communio.pl\/?p=2011\" class=\"more-link\">Czytaj dalej<span class=\"screen-reader-text\"> PRZYMIERZE BOGA Z \u017bYDAMI W PERSPEKTYWIE ESEJU PAPIE\u017bA BENEDYKTA XVI<\/span><\/a><\/p>\n","protected":false},"author":1,"featured_media":0,"comment_status":"closed","ping_status":"open","sticky":false,"template":"","format":"standard","meta":[],"categories":[3,4],"tags":[],"_links":{"self":[{"href":"https:\/\/communio.pl\/index.php?rest_route=\/wp\/v2\/posts\/2011"}],"collection":[{"href":"https:\/\/communio.pl\/index.php?rest_route=\/wp\/v2\/posts"}],"about":[{"href":"https:\/\/communio.pl\/index.php?rest_route=\/wp\/v2\/types\/post"}],"author":[{"embeddable":true,"href":"https:\/\/communio.pl\/index.php?rest_route=\/wp\/v2\/users\/1"}],"replies":[{"embeddable":true,"href":"https:\/\/communio.pl\/index.php?rest_route=%2Fwp%2Fv2%2Fcomments&post=2011"}],"version-history":[{"count":2,"href":"https:\/\/communio.pl\/index.php?rest_route=\/wp\/v2\/posts\/2011\/revisions"}],"predecessor-version":[{"id":2014,"href":"https:\/\/communio.pl\/index.php?rest_route=\/wp\/v2\/posts\/2011\/revisions\/2014"}],"wp:attachment":[{"href":"https:\/\/communio.pl\/index.php?rest_route=%2Fwp%2Fv2%2Fmedia&parent=2011"}],"wp:term":[{"taxonomy":"category","embeddable":true,"href":"https:\/\/communio.pl\/index.php?rest_route=%2Fwp%2Fv2%2Fcategories&post=2011"},{"taxonomy":"post_tag","embeddable":true,"href":"https:\/\/communio.pl\/index.php?rest_route=%2Fwp%2Fv2%2Ftags&post=2011"}],"curies":[{"name":"wp","href":"https:\/\/api.w.org\/{rel}","templated":true}]}}