{"id":1989,"date":"2024-07-02T09:35:21","date_gmt":"2024-07-02T09:35:21","guid":{"rendered":"https:\/\/communio.pl\/?p=1989"},"modified":"2024-07-02T09:35:21","modified_gmt":"2024-07-02T09:35:21","slug":"moje-wspomnienie-benedykta-xvi","status":"publish","type":"post","link":"https:\/\/communio.pl\/?p=1989","title":{"rendered":"MOJE WSPOMNIENIE          BENEDYKTA XVI"},"content":{"rendered":"\n<p><strong>KARD. ANGELO SCOLA<\/strong><\/p>\n\n\n\n<p>DOI: 10.48224\/COM-222-2023-10<\/p>\n\n\n\n<p><strong>Streszczenie<\/strong><br>W\u0142oski Kardyna\u0142 w swoim artykule podsumowuje \u017cycie i dzia\u0142alno\u015b\u0107<br>teologiczn\u0105 papie\u017ca Benedykta XVI. Autor nale\u017cy do ko\u015bcielnych hierarch\u00f3w, kt\u00f3rzy s\u0105 intelektualnie i duchowo bliscy zmar\u0142emu Papie\u017cowi.<br>Z Josephem Ratzingerem \u0142\u0105czy go intelektualny potencja\u0142. Dlatego w kr\u00f3tki spos\u00f3b dokonuje podsumowania wk\u0142adu niemieckiego teologa w poszczeg\u00f3lne traktaty teologii dogmatycznej.<\/p>\n\n\n\n<p id=\"block-cd0e546f-5247-487f-bcaf-dc3cad5f95b2\">(reszta artyku\u0142u w wydaniu papierowym)<\/p>\n\n\n\n<p id=\"block-c528c10b-e872-49ad-94de-c2beaee75456\"><a href=\"javascript:history.back()\">&lt;&lt;wstecz<\/a><\/p>\n","protected":false},"excerpt":{"rendered":"<p>KARD. ANGELO SCOLA DOI: 10.48224\/COM-222-2023-10 StreszczenieW\u0142oski Kardyna\u0142 w swoim artykule podsumowuje \u017cycie i dzia\u0142alno\u015b\u0107teologiczn\u0105 papie\u017ca Benedykta XVI. Autor nale\u017cy do ko\u015bcielnych hierarch\u00f3w, kt\u00f3rzy s\u0105 intelektualnie i duchowo bliscy zmar\u0142emu Papie\u017cowi.Z Josephem Ratzingerem \u0142\u0105czy go intelektualny potencja\u0142. Dlatego w kr\u00f3tki spos\u00f3b dokonuje podsumowania wk\u0142adu niemieckiego teologa w poszczeg\u00f3lne traktaty teologii dogmatycznej. (reszta artyku\u0142u w wydaniu papierowym) &hellip; <a href=\"https:\/\/communio.pl\/?p=1989\" class=\"more-link\">Czytaj dalej<span class=\"screen-reader-text\"> MOJE WSPOMNIENIE          BENEDYKTA XVI<\/span><\/a><\/p>\n","protected":false},"author":1,"featured_media":0,"comment_status":"closed","ping_status":"open","sticky":false,"template":"","format":"standard","meta":[],"categories":[3,4],"tags":[],"_links":{"self":[{"href":"https:\/\/communio.pl\/index.php?rest_route=\/wp\/v2\/posts\/1989"}],"collection":[{"href":"https:\/\/communio.pl\/index.php?rest_route=\/wp\/v2\/posts"}],"about":[{"href":"https:\/\/communio.pl\/index.php?rest_route=\/wp\/v2\/types\/post"}],"author":[{"embeddable":true,"href":"https:\/\/communio.pl\/index.php?rest_route=\/wp\/v2\/users\/1"}],"replies":[{"embeddable":true,"href":"https:\/\/communio.pl\/index.php?rest_route=%2Fwp%2Fv2%2Fcomments&post=1989"}],"version-history":[{"count":1,"href":"https:\/\/communio.pl\/index.php?rest_route=\/wp\/v2\/posts\/1989\/revisions"}],"predecessor-version":[{"id":1990,"href":"https:\/\/communio.pl\/index.php?rest_route=\/wp\/v2\/posts\/1989\/revisions\/1990"}],"wp:attachment":[{"href":"https:\/\/communio.pl\/index.php?rest_route=%2Fwp%2Fv2%2Fmedia&parent=1989"}],"wp:term":[{"taxonomy":"category","embeddable":true,"href":"https:\/\/communio.pl\/index.php?rest_route=%2Fwp%2Fv2%2Fcategories&post=1989"},{"taxonomy":"post_tag","embeddable":true,"href":"https:\/\/communio.pl\/index.php?rest_route=%2Fwp%2Fv2%2Ftags&post=1989"}],"curies":[{"name":"wp","href":"https:\/\/api.w.org\/{rel}","templated":true}]}}