{"id":1962,"date":"2024-07-02T09:07:22","date_gmt":"2024-07-02T09:07:22","guid":{"rendered":"https:\/\/communio.pl\/?p=1962"},"modified":"2024-07-02T09:07:22","modified_gmt":"2024-07-02T09:07:22","slug":"duch-swiety-jako-tchnienie-zycie-kosciola-w-wybranychwystapieniach-benedykta-xviw-latach-2005-2013","status":"publish","type":"post","link":"https:\/\/communio.pl\/?p=1962","title":{"rendered":"DUCH \u015aWI\u0118TY JAKO TCHNIENIE.<br>\u017bYCIE KO\u015aCIO\u0141A W WYBRANYCH<br>WYST\u0104PIENIACH BENEDYKTA XVI<br>W LATACH 2005-2013"},"content":{"rendered":"\n<p><strong>EWA CHYBIN<\/strong><\/p>\n\n\n\n<p>DOI: 10.48224\/COM-221-2023-109<\/p>\n\n\n\n<p><strong>Streszczenie<\/strong><br>Duch \u015awi\u0119ty jest trzeci\u0105 i jednocze\u015bnie uznawan\u0105 od wiek\u00f3w za najbardziej tajemnicz\u0105 Osob\u0105 Tr\u00f3jcy \u015awi\u0119tej. Odniesienia do Jego postaci<br>z perspektywy czasu mo\u017cna dostrzec ju\u017c w Starym Testamencie, a Jego<br>pos\u0142anie zapowiada\u0142 i obiecywa\u0142 kilkukrotnie Jezus w Ewangeliach. Syn<br>Bo\u017cy wyprosi\u0142 u Ojca pos\u0142anie aposto\u0142om Ducha Obro\u0144c\u0119 i Pocieszyciela i zosta\u0142o to wype\u0142nione w dniu Pi\u0119\u0107dziesi\u0105tnicy, kiedy to Duch \u015awi\u0119ty<br>zst\u0105pi\u0142 na uczni\u00f3w w postaci ognistych j\u0119zyk\u00f3w. Tak\u017ce i dzi\u015b, dwa tysi\u0105ce<br>lat p\u00f3\u017aniej, Duch prawdy dzia\u0142a i prowadzi Ko\u015bci\u00f3\u0142 zrodzony pod Krzy\u017cem<br>Chrystusa. Jego dzia\u0142anie jest badane na poziomie pneumatologii i w dobie<br>coraz wi\u0119kszego rozwoju ruch\u00f3w charyzmatycznych nale\u017cy regularnie powraca\u0107 do refleksji o istocie Jego obecno\u015bci w Ko\u015bciele. Papie\u017c Benedykt<br>XVI po\u015bwi\u0119ci\u0142 temu zagadnieniu szczeg\u00f3lne miejsce w swoich wypowiedziach i to w\u0142a\u015bnie jego koncepcja Ducha \u015awi\u0119tego jako tchnienia \u017cycia<br>Ko\u015bcio\u0142a zostanie podj\u0119ta w niniejszym artykule.<\/p>\n\n\n\n<p id=\"block-cd0e546f-5247-487f-bcaf-dc3cad5f95b2\">(reszta artyku\u0142u w wydaniu papierowym)<\/p>\n\n\n\n<p id=\"block-c528c10b-e872-49ad-94de-c2beaee75456\"><a href=\"javascript:history.back()\">&lt;&lt;wstecz<\/a><\/p>\n","protected":false},"excerpt":{"rendered":"<p>EWA CHYBIN DOI: 10.48224\/COM-221-2023-109 StreszczenieDuch \u015awi\u0119ty jest trzeci\u0105 i jednocze\u015bnie uznawan\u0105 od wiek\u00f3w za najbardziej tajemnicz\u0105 Osob\u0105 Tr\u00f3jcy \u015awi\u0119tej. Odniesienia do Jego postaciz perspektywy czasu mo\u017cna dostrzec ju\u017c w Starym Testamencie, a Jegopos\u0142anie zapowiada\u0142 i obiecywa\u0142 kilkukrotnie Jezus w Ewangeliach. SynBo\u017cy wyprosi\u0142 u Ojca pos\u0142anie aposto\u0142om Ducha Obro\u0144c\u0119 i Pocieszyciela i zosta\u0142o to wype\u0142nione w &hellip; <a href=\"https:\/\/communio.pl\/?p=1962\" class=\"more-link\">Czytaj dalej<span class=\"screen-reader-text\"> DUCH \u015aWI\u0118TY JAKO TCHNIENIE.<br \/>\u017bYCIE KO\u015aCIO\u0141A W WYBRANYCH<br \/>WYST\u0104PIENIACH BENEDYKTA XVI<br \/>W LATACH 2005-2013<\/span><\/a><\/p>\n","protected":false},"author":1,"featured_media":0,"comment_status":"closed","ping_status":"open","sticky":false,"template":"","format":"standard","meta":[],"categories":[3,4],"tags":[],"_links":{"self":[{"href":"https:\/\/communio.pl\/index.php?rest_route=\/wp\/v2\/posts\/1962"}],"collection":[{"href":"https:\/\/communio.pl\/index.php?rest_route=\/wp\/v2\/posts"}],"about":[{"href":"https:\/\/communio.pl\/index.php?rest_route=\/wp\/v2\/types\/post"}],"author":[{"embeddable":true,"href":"https:\/\/communio.pl\/index.php?rest_route=\/wp\/v2\/users\/1"}],"replies":[{"embeddable":true,"href":"https:\/\/communio.pl\/index.php?rest_route=%2Fwp%2Fv2%2Fcomments&post=1962"}],"version-history":[{"count":1,"href":"https:\/\/communio.pl\/index.php?rest_route=\/wp\/v2\/posts\/1962\/revisions"}],"predecessor-version":[{"id":1963,"href":"https:\/\/communio.pl\/index.php?rest_route=\/wp\/v2\/posts\/1962\/revisions\/1963"}],"wp:attachment":[{"href":"https:\/\/communio.pl\/index.php?rest_route=%2Fwp%2Fv2%2Fmedia&parent=1962"}],"wp:term":[{"taxonomy":"category","embeddable":true,"href":"https:\/\/communio.pl\/index.php?rest_route=%2Fwp%2Fv2%2Fcategories&post=1962"},{"taxonomy":"post_tag","embeddable":true,"href":"https:\/\/communio.pl\/index.php?rest_route=%2Fwp%2Fv2%2Ftags&post=1962"}],"curies":[{"name":"wp","href":"https:\/\/api.w.org\/{rel}","templated":true}]}}