{"id":1891,"date":"2023-05-17T12:49:46","date_gmt":"2023-05-17T12:49:46","guid":{"rendered":"http:\/\/communio.pl\/?p=1891"},"modified":"2023-05-17T12:49:46","modified_gmt":"2023-05-17T12:49:46","slug":"ekumeniczny-aspekt-synodalnosci-w-nauczaniu-papieza-franciszka","status":"publish","type":"post","link":"https:\/\/communio.pl\/?p=1891","title":{"rendered":"Ekumeniczny aspekt synodalno\u015bci w nauczaniu papie\u017ca Franciszka"},"content":{"rendered":"\n<p><strong>Ks. Jaros\u0142aw M. LIPNIAK<\/strong><\/p>\n\n\n\n<p>DOI: 10.48224\/COM-218-2022-161<\/p>\n\n\n\n<p><strong>Streszczenie<\/strong><br>Papie\u017c Franciszek w swoim nauczaniu o synodalno\u015bci korzysta<br>z do\u015bwiadcze\u0144 innych Ko\u015bcio\u0142\u00f3w, szczeg\u00f3lnie ortodoksyjnych. Prowadz\u0105c<br>otwarty i szczery dialog korzysta z ich wielowiekowego do\u015bwiadczenia<br>z synodami. Biskup Rzymu kieruje si\u0119 wytycznymi II Soboru Watyka\u0144skiego i dorobkiem swoich poprzednik\u00f3w i stara si\u0119 wcieli\u0107 w \u017cycie Ko\u015bcio\u0142a<br>ekumeniczn\u0105 \u201ewymian\u0119 dar\u00f3w\u201d. Dlatego jest otwarty i z ch\u0119ci\u0105 ws\u0142uchuje<br>si\u0119 w do\u015bwiadczenia i dary innych denominacji chrze\u015bcija\u0144skich. Namiestnikowi Chrystusa chodzi o to, by ws\u0142ucha\u0107 si\u0119 w g\u0142os Boga, uchwyci\u0107 Jego obecno\u015b\u0107, przechwyci\u0107 Jego przej\u015bcie i Jego tchnienie \u017cycia.<\/p>\n\n\n\n<p><br><strong>S\u0142owa kluczowe<\/strong>: Synodalno\u015b\u0107, Franciszek, ekumenizm, wymiana dar\u00f3w<\/p>\n\n\n\n<p>Rozpocz\u0119ty w 2013 roku pontyfikat Franciszka nieustannie<br>zaskakuje. Papie\u017c Franciszek zaprosi\u0142 ca\u0142y Ko\u015bci\u00f3\u0142 na synod za- tytu\u0142owany Ku Ko\u015bcio\u0142owi synodalnemu: komunia, uczestnictwo i misja. Rozpocz\u0105\u0142 si\u0119 on 9-10 pa\u017adziernika 2021 r. w Rzymie, a 17 pa\u017adziernika w ka\u017cdym Ko\u015bciele partykularnym. W zwi\u0105zku z tym wydarzeniem pojawi\u0142y si\u0119 dwa bardzo istotne dokumenty: Pierwszy to dokument Mi\u0119dzynarodowej Komisji Teologicznej Synodalno\u015b\u0107 w \u017cyciu i misji Ko\u015bcio\u0142a, a drugi to Konstytucja<br>apostolska Episcopalis communio. W obu dokumentach mo\u017cna<br>zapozna\u0107 si\u0119 z bardzo wnikliw\u0105 teologiczn\u0105 analiz\u0105 oraz rysem<br>historycznym, kt\u00f3re pokazuj\u0105, \u017ce synodalno\u015b\u0107 nie jest wymys\u0142em<br>czas\u00f3w posoborowych. Synody istnia\u0142y od samego pocz\u0105tku Ko\u015bcio\u0142a. Odbywa\u0142y si\u0119 one przede wszystkim na poziomie Ko\u015bcio\u0142\u00f3w lokalnych, a w pierwszym tysi\u0105cleciu chrze\u015bcija\u0144stwa funkcjonowa\u0142y jako istotne narz\u0119dzia rozeznawania wsp\u00f3lnotowego i apostolskiego, kt\u00f3re podejmowa\u0142y wa\u017cne zagadnienia doktrynalne.<\/p>\n\n\n\n<p id=\"block-cd0e546f-5247-487f-bcaf-dc3cad5f95b2\">(reszta artyku\u0142u w wydaniu papierowym)<\/p>\n\n\n\n<p id=\"block-c528c10b-e872-49ad-94de-c2beaee75456\"><a href=\"javascript:history.back()\">&lt;&lt;wstecz<\/a><\/p>\n\n\n\n<p><\/p>\n","protected":false},"excerpt":{"rendered":"<p>Ks. Jaros\u0142aw M. LIPNIAK DOI: 10.48224\/COM-218-2022-161 StreszczeniePapie\u017c Franciszek w swoim nauczaniu o synodalno\u015bci korzystaz do\u015bwiadcze\u0144 innych Ko\u015bcio\u0142\u00f3w, szczeg\u00f3lnie ortodoksyjnych. Prowadz\u0105cotwarty i szczery dialog korzysta z ich wielowiekowego do\u015bwiadczeniaz synodami. Biskup Rzymu kieruje si\u0119 wytycznymi II Soboru Watyka\u0144skiego i dorobkiem swoich poprzednik\u00f3w i stara si\u0119 wcieli\u0107 w \u017cycie Ko\u015bcio\u0142aekumeniczn\u0105 \u201ewymian\u0119 dar\u00f3w\u201d. Dlatego jest otwarty i z &hellip; <a href=\"https:\/\/communio.pl\/?p=1891\" class=\"more-link\">Czytaj dalej<span class=\"screen-reader-text\"> Ekumeniczny aspekt synodalno\u015bci w nauczaniu papie\u017ca Franciszka<\/span><\/a><\/p>\n","protected":false},"author":1,"featured_media":0,"comment_status":"closed","ping_status":"open","sticky":false,"template":"","format":"standard","meta":[],"categories":[3,4],"tags":[],"_links":{"self":[{"href":"https:\/\/communio.pl\/index.php?rest_route=\/wp\/v2\/posts\/1891"}],"collection":[{"href":"https:\/\/communio.pl\/index.php?rest_route=\/wp\/v2\/posts"}],"about":[{"href":"https:\/\/communio.pl\/index.php?rest_route=\/wp\/v2\/types\/post"}],"author":[{"embeddable":true,"href":"https:\/\/communio.pl\/index.php?rest_route=\/wp\/v2\/users\/1"}],"replies":[{"embeddable":true,"href":"https:\/\/communio.pl\/index.php?rest_route=%2Fwp%2Fv2%2Fcomments&post=1891"}],"version-history":[{"count":1,"href":"https:\/\/communio.pl\/index.php?rest_route=\/wp\/v2\/posts\/1891\/revisions"}],"predecessor-version":[{"id":1892,"href":"https:\/\/communio.pl\/index.php?rest_route=\/wp\/v2\/posts\/1891\/revisions\/1892"}],"wp:attachment":[{"href":"https:\/\/communio.pl\/index.php?rest_route=%2Fwp%2Fv2%2Fmedia&parent=1891"}],"wp:term":[{"taxonomy":"category","embeddable":true,"href":"https:\/\/communio.pl\/index.php?rest_route=%2Fwp%2Fv2%2Fcategories&post=1891"},{"taxonomy":"post_tag","embeddable":true,"href":"https:\/\/communio.pl\/index.php?rest_route=%2Fwp%2Fv2%2Ftags&post=1891"}],"curies":[{"name":"wp","href":"https:\/\/api.w.org\/{rel}","templated":true}]}}