{"id":1885,"date":"2023-05-17T12:42:29","date_gmt":"2023-05-17T12:42:29","guid":{"rendered":"http:\/\/communio.pl\/?p=1885"},"modified":"2023-05-17T12:42:29","modified_gmt":"2023-05-17T12:42:29","slug":"synodalnosc-w-tradycji-anglikanskiej","status":"publish","type":"post","link":"https:\/\/communio.pl\/?p=1885","title":{"rendered":"Synodalno\u015b\u0107 w Tradycji Anglika\u0144skiej"},"content":{"rendered":"\n<p><strong>Abp Rowan WILLIAMS<\/strong><\/p>\n\n\n\n<p>DOI: 10.48224\/COM-218-2022-97<\/p>\n\n\n\n<p><strong>Streszczenie<\/strong><br>Dla Wsp\u00f3lnoty Anglika\u0144skiej synodalno\u015b\u0107 jest wa\u017cnym wyrazem jej<br>to\u017csamo\u015bci. Ko\u015bcio\u0142y anglika\u0144skie \u0142\u0105cz\u0105 \u015bci\u015ble element episkopalny i synodalny, w kt\u00f3rym \u015bwieccy pe\u0142ni\u0105 wa\u017cn\u0105 rol\u0119. Istotna jest wi\u0119c pos\u0142uga<br>biskup\u00f3w w Ko\u015bcio\u0142ach lokalnych. Sama synodalno\u015b\u0107 definiowana jest ju\u017c<br>w pierwszym okresie anglikanizmu. W Konfesji Westminsterskiej znajduje si\u0119 wyja\u015bnienie, \u017ce do synod\u00f3w i zgromadze\u0144 nale\u017cy rozstrzyganie<br>spor\u00f3w w kwestiach wiary i sumienia. One to okre\u015blaj\u0105 regu\u0142y i kierunki dla lepszego wype\u0142niania publicznych obrz\u0119d\u00f3w i zarz\u0105dzania Ko\u015bcio\u0142em.<br>Stanowi\u0105 zatem, kt\u00f3re dekrety i zarz\u0105dzenia nale\u017cy przyjmowa\u0107 z czci\u0105<br>i pos\u0142usze\u0144stwem, nie tylko za ich zgodno\u015b\u0107 ze S\u0142owem, ale r\u00f3wnie\u017c za to,<br>\u017ce od Boga pochodz\u0105. Synod nie ma wi\u0119c w\u0142adzy nieograniczonej, gdy\u017c to<br>w\u0142a\u015bnie wierno\u015b\u0107 S\u0142owu Bo\u017cemu stanowi nieprzekraczaln\u0105 granic\u0119.<\/p>\n\n\n\n<p id=\"block-cd0e546f-5247-487f-bcaf-dc3cad5f95b2\">(reszta artyku\u0142u w wydaniu papierowym)<\/p>\n\n\n\n<p id=\"block-c528c10b-e872-49ad-94de-c2beaee75456\"><a href=\"javascript:history.back()\">&lt;&lt;wstecz<\/a><\/p>\n","protected":false},"excerpt":{"rendered":"<p>Abp Rowan WILLIAMS DOI: 10.48224\/COM-218-2022-97 StreszczenieDla Wsp\u00f3lnoty Anglika\u0144skiej synodalno\u015b\u0107 jest wa\u017cnym wyrazem jejto\u017csamo\u015bci. Ko\u015bcio\u0142y anglika\u0144skie \u0142\u0105cz\u0105 \u015bci\u015ble element episkopalny i synodalny, w kt\u00f3rym \u015bwieccy pe\u0142ni\u0105 wa\u017cn\u0105 rol\u0119. Istotna jest wi\u0119c pos\u0142ugabiskup\u00f3w w Ko\u015bcio\u0142ach lokalnych. Sama synodalno\u015b\u0107 definiowana jest ju\u017cw pierwszym okresie anglikanizmu. W Konfesji Westminsterskiej znajduje si\u0119 wyja\u015bnienie, \u017ce do synod\u00f3w i zgromadze\u0144 nale\u017cy rozstrzyganiespor\u00f3w &hellip; <a href=\"https:\/\/communio.pl\/?p=1885\" class=\"more-link\">Czytaj dalej<span class=\"screen-reader-text\"> Synodalno\u015b\u0107 w Tradycji Anglika\u0144skiej<\/span><\/a><\/p>\n","protected":false},"author":1,"featured_media":0,"comment_status":"closed","ping_status":"open","sticky":false,"template":"","format":"standard","meta":[],"categories":[3,4],"tags":[],"_links":{"self":[{"href":"https:\/\/communio.pl\/index.php?rest_route=\/wp\/v2\/posts\/1885"}],"collection":[{"href":"https:\/\/communio.pl\/index.php?rest_route=\/wp\/v2\/posts"}],"about":[{"href":"https:\/\/communio.pl\/index.php?rest_route=\/wp\/v2\/types\/post"}],"author":[{"embeddable":true,"href":"https:\/\/communio.pl\/index.php?rest_route=\/wp\/v2\/users\/1"}],"replies":[{"embeddable":true,"href":"https:\/\/communio.pl\/index.php?rest_route=%2Fwp%2Fv2%2Fcomments&post=1885"}],"version-history":[{"count":1,"href":"https:\/\/communio.pl\/index.php?rest_route=\/wp\/v2\/posts\/1885\/revisions"}],"predecessor-version":[{"id":1886,"href":"https:\/\/communio.pl\/index.php?rest_route=\/wp\/v2\/posts\/1885\/revisions\/1886"}],"wp:attachment":[{"href":"https:\/\/communio.pl\/index.php?rest_route=%2Fwp%2Fv2%2Fmedia&parent=1885"}],"wp:term":[{"taxonomy":"category","embeddable":true,"href":"https:\/\/communio.pl\/index.php?rest_route=%2Fwp%2Fv2%2Fcategories&post=1885"},{"taxonomy":"post_tag","embeddable":true,"href":"https:\/\/communio.pl\/index.php?rest_route=%2Fwp%2Fv2%2Ftags&post=1885"}],"curies":[{"name":"wp","href":"https:\/\/api.w.org\/{rel}","templated":true}]}}