{"id":1882,"date":"2023-05-17T12:37:51","date_gmt":"2023-05-17T12:37:51","guid":{"rendered":"http:\/\/communio.pl\/?p=1882"},"modified":"2023-05-17T12:37:51","modified_gmt":"2023-05-17T12:37:51","slug":"niektore-dyscyplinarne-i-doktrynalne-precedensy-idei-synodalnosci","status":"publish","type":"post","link":"https:\/\/communio.pl\/?p=1882","title":{"rendered":"Niekt\u00f3re dyscyplinarne i doktrynalne precedensy idei \u201esynodalno\u015bci\u201d"},"content":{"rendered":"\n<p><strong>Kard. P\u00e9ter ERD\u0150<\/strong><\/p>\n\n\n\n<p>DOI: 10.48224\/COM-218-2022-77<\/p>\n\n\n\n<p><strong>Streszczenie<\/strong><br>P\u00e9ter Erd\u0151 w swoim artykule ukazuje niekt\u00f3re dyscyplinarne i doktrynalne precedensy idei synodalno\u015bci. Autor podkre\u015bla, \u017ce synodalno\u015b\u0107 w sensie w\u0142a\u015bciwo\u015bci charakteryzuj\u0105cej r\u00f3\u017cne instytucjonalne formy wsp\u00f3\u0142pracy<br>ksi\u0119\u017cy i innych wiernych oraz w sprawowaniu pos\u0142ugi biskupiej, znajdujemy w r\u00f3\u017cnych dokumentach z pierwszych wiek\u00f3w chrze\u015bcija\u0144stwa. Duch<br>Bo\u017cy zosta\u0142 wylany na wszystkich wiernych i w ten spos\u00f3b wype\u0142ni\u0142o si\u0119<br>proroctwo Joela, kt\u00f3ry obieca\u0142 Ducha wszystkim. Wed\u0142ug relacji z Dziej\u00f3w<br>Apostolskich \u015bw. Piotr potwierdzi\u0142 to ju\u017c w swoim przem\u00f3wieniu w dniu<br>Pi\u0119\u0107dziesi\u0105tnicy. Niekt\u00f3rzy \u015bwiadkowie wizji teologicznej, jak r\u00f3wnie\u017c dokumenty np. Didascalia, wyra\u017caj\u0105 przekonanie, \u017ce Duch, wcze\u015bniej zwi\u0105zany ze \u015awi\u0105tyni\u0105 Jerozolimsk\u0105, zst\u0105pi\u0142 na Ko\u015bci\u00f3\u0142, a nawet na pogan. Fakt<br>ten stanowi teologiczn\u0105 podstaw\u0119 udzia\u0142u ca\u0142ej wsp\u00f3lnoty w wykonywaniu<br>r\u00f3\u017cnych funkcji w Ko\u015bciele<\/p>\n\n\n\n<p id=\"block-cd0e546f-5247-487f-bcaf-dc3cad5f95b2\">(reszta artyku\u0142u w wydaniu papierowym)<\/p>\n\n\n\n<p id=\"block-c528c10b-e872-49ad-94de-c2beaee75456\"><a href=\"javascript:history.back()\">&lt;&lt;wstecz<\/a><\/p>\n","protected":false},"excerpt":{"rendered":"<p>Kard. P\u00e9ter ERD\u0150 DOI: 10.48224\/COM-218-2022-77 StreszczenieP\u00e9ter Erd\u0151 w swoim artykule ukazuje niekt\u00f3re dyscyplinarne i doktrynalne precedensy idei synodalno\u015bci. Autor podkre\u015bla, \u017ce synodalno\u015b\u0107 w sensie w\u0142a\u015bciwo\u015bci charakteryzuj\u0105cej r\u00f3\u017cne instytucjonalne formy wsp\u00f3\u0142pracyksi\u0119\u017cy i innych wiernych oraz w sprawowaniu pos\u0142ugi biskupiej, znajdujemy w r\u00f3\u017cnych dokumentach z pierwszych wiek\u00f3w chrze\u015bcija\u0144stwa. DuchBo\u017cy zosta\u0142 wylany na wszystkich wiernych i w ten &hellip; <a href=\"https:\/\/communio.pl\/?p=1882\" class=\"more-link\">Czytaj dalej<span class=\"screen-reader-text\"> Niekt\u00f3re dyscyplinarne i doktrynalne precedensy idei \u201esynodalno\u015bci\u201d<\/span><\/a><\/p>\n","protected":false},"author":1,"featured_media":0,"comment_status":"closed","ping_status":"open","sticky":false,"template":"","format":"standard","meta":[],"categories":[3,4],"tags":[],"_links":{"self":[{"href":"https:\/\/communio.pl\/index.php?rest_route=\/wp\/v2\/posts\/1882"}],"collection":[{"href":"https:\/\/communio.pl\/index.php?rest_route=\/wp\/v2\/posts"}],"about":[{"href":"https:\/\/communio.pl\/index.php?rest_route=\/wp\/v2\/types\/post"}],"author":[{"embeddable":true,"href":"https:\/\/communio.pl\/index.php?rest_route=\/wp\/v2\/users\/1"}],"replies":[{"embeddable":true,"href":"https:\/\/communio.pl\/index.php?rest_route=%2Fwp%2Fv2%2Fcomments&post=1882"}],"version-history":[{"count":1,"href":"https:\/\/communio.pl\/index.php?rest_route=\/wp\/v2\/posts\/1882\/revisions"}],"predecessor-version":[{"id":1883,"href":"https:\/\/communio.pl\/index.php?rest_route=\/wp\/v2\/posts\/1882\/revisions\/1883"}],"wp:attachment":[{"href":"https:\/\/communio.pl\/index.php?rest_route=%2Fwp%2Fv2%2Fmedia&parent=1882"}],"wp:term":[{"taxonomy":"category","embeddable":true,"href":"https:\/\/communio.pl\/index.php?rest_route=%2Fwp%2Fv2%2Fcategories&post=1882"},{"taxonomy":"post_tag","embeddable":true,"href":"https:\/\/communio.pl\/index.php?rest_route=%2Fwp%2Fv2%2Ftags&post=1882"}],"curies":[{"name":"wp","href":"https:\/\/api.w.org\/{rel}","templated":true}]}}