{"id":1876,"date":"2023-05-17T12:33:41","date_gmt":"2023-05-17T12:33:41","guid":{"rendered":"http:\/\/communio.pl\/?p=1876"},"modified":"2023-05-17T12:33:41","modified_gmt":"2023-05-17T12:33:41","slug":"czym-jest-synodalnosc-rozwoj-swiadomosci-synodalnosci-na-przestrzeni-historii-kosciola","status":"publish","type":"post","link":"https:\/\/communio.pl\/?p=1876","title":{"rendered":"Czym jest synodalno\u015b\u0107? Rozw\u00f3j \u015bwiadomo\u015bci synodalno\u015bci na przestrzeni historii Ko\u015bcio\u0142a"},"content":{"rendered":"\n<p><strong>Ks. Andrzej PRONIEWSKI<\/strong><\/p>\n\n\n\n<p>DOI: 10.48224\/COM-218-2022-29<\/p>\n\n\n\n<p><strong>Streszczenie<\/strong><br>Synodalno\u015b\u0107 to poj\u0119cie, kt\u00f3re zyska\u0142o na popularno\u015bci w Ko\u015bciele Katolickim w czasach pontyfikatu papie\u017ca Franciszka. Ju\u017c pierwsze wieki<br>chrze\u015bcija\u0144stwa mia\u0142y wp\u0142yw na formowanie si\u0119 synodalnej drogi Ko\u015bcio\u0142a. Sob\u00f3r Watyka\u0144ski II po\u0142o\u017cy\u0142 fundament pod odnowienie \u017cycia synodalnego za pomoc\u0105 nauki o kolegialno\u015bci biskup\u00f3w. Posoborowe prawo<br>kanoniczne stworzy\u0142o mo\u017cliwo\u015b\u0107 organizowania synod\u00f3w powszechnych,<br>regionalnych i diecezjalnych. W celu wyt\u0142umaczenia procesu rozwoju<br>\u015bwiadomo\u015bci synodalno\u015bci w Ko\u015bciele na przestrzeni dziej\u00f3w autor analizuje i wyja\u015bnia podstawowe poj\u0119cia w punkcie explicatio terminorum (1),<br>nast\u0119pnie opisuje wybrane wydarzenia synodalne i soborowe, kt\u00f3re towarzyszy\u0142y dziejom Ko\u015bcio\u0142a (2), wskazuje na dziedzictwo, kt\u00f3re przetrwa\u0142o<br>do dzisiejszych czas\u00f3w (3) i ukazuje aktualny stan zakresu dzia\u0142a\u0144 sprzyjaj\u0105cych formowaniu wiernych do synodalno\u015bci w Ko\u015bciele.<\/p>\n\n\n\n<p id=\"block-cd0e546f-5247-487f-bcaf-dc3cad5f95b2\">(reszta artyku\u0142u w wydaniu papierowym)<\/p>\n\n\n\n<p id=\"block-c528c10b-e872-49ad-94de-c2beaee75456\"><a href=\"javascript:history.back()\">&lt;&lt;wstecz<\/a><\/p>\n","protected":false},"excerpt":{"rendered":"<p>Ks. Andrzej PRONIEWSKI DOI: 10.48224\/COM-218-2022-29 StreszczenieSynodalno\u015b\u0107 to poj\u0119cie, kt\u00f3re zyska\u0142o na popularno\u015bci w Ko\u015bciele Katolickim w czasach pontyfikatu papie\u017ca Franciszka. Ju\u017c pierwsze wiekichrze\u015bcija\u0144stwa mia\u0142y wp\u0142yw na formowanie si\u0119 synodalnej drogi Ko\u015bcio\u0142a. Sob\u00f3r Watyka\u0144ski II po\u0142o\u017cy\u0142 fundament pod odnowienie \u017cycia synodalnego za pomoc\u0105 nauki o kolegialno\u015bci biskup\u00f3w. Posoborowe prawokanoniczne stworzy\u0142o mo\u017cliwo\u015b\u0107 organizowania synod\u00f3w powszechnych,regionalnych i diecezjalnych. &hellip; <a href=\"https:\/\/communio.pl\/?p=1876\" class=\"more-link\">Czytaj dalej<span class=\"screen-reader-text\"> Czym jest synodalno\u015b\u0107? Rozw\u00f3j \u015bwiadomo\u015bci synodalno\u015bci na przestrzeni historii Ko\u015bcio\u0142a<\/span><\/a><\/p>\n","protected":false},"author":1,"featured_media":0,"comment_status":"closed","ping_status":"open","sticky":false,"template":"","format":"standard","meta":[],"categories":[3,4],"tags":[],"_links":{"self":[{"href":"https:\/\/communio.pl\/index.php?rest_route=\/wp\/v2\/posts\/1876"}],"collection":[{"href":"https:\/\/communio.pl\/index.php?rest_route=\/wp\/v2\/posts"}],"about":[{"href":"https:\/\/communio.pl\/index.php?rest_route=\/wp\/v2\/types\/post"}],"author":[{"embeddable":true,"href":"https:\/\/communio.pl\/index.php?rest_route=\/wp\/v2\/users\/1"}],"replies":[{"embeddable":true,"href":"https:\/\/communio.pl\/index.php?rest_route=%2Fwp%2Fv2%2Fcomments&post=1876"}],"version-history":[{"count":1,"href":"https:\/\/communio.pl\/index.php?rest_route=\/wp\/v2\/posts\/1876\/revisions"}],"predecessor-version":[{"id":1877,"href":"https:\/\/communio.pl\/index.php?rest_route=\/wp\/v2\/posts\/1876\/revisions\/1877"}],"wp:attachment":[{"href":"https:\/\/communio.pl\/index.php?rest_route=%2Fwp%2Fv2%2Fmedia&parent=1876"}],"wp:term":[{"taxonomy":"category","embeddable":true,"href":"https:\/\/communio.pl\/index.php?rest_route=%2Fwp%2Fv2%2Fcategories&post=1876"},{"taxonomy":"post_tag","embeddable":true,"href":"https:\/\/communio.pl\/index.php?rest_route=%2Fwp%2Fv2%2Ftags&post=1876"}],"curies":[{"name":"wp","href":"https:\/\/api.w.org\/{rel}","templated":true}]}}