{"id":1873,"date":"2023-05-17T12:30:09","date_gmt":"2023-05-17T12:30:09","guid":{"rendered":"http:\/\/communio.pl\/?p=1873"},"modified":"2023-05-17T12:30:09","modified_gmt":"2023-05-17T12:30:09","slug":"pytania-dotyczace-struktury-i-zadan-synodu-biskupow","status":"publish","type":"post","link":"https:\/\/communio.pl\/?p=1873","title":{"rendered":"Pytania dotycz\u0105ce struktury i zada\u0144 synodu biskup\u00f3w"},"content":{"rendered":"\n<p><strong>Joseph RATZINGER<\/strong><\/p>\n\n\n\n<p>DOI: 10.48224\/COM-218-2022-11<\/p>\n\n\n\n<p>W niniejszym Communio przedrukowujemy \u201ePytania dotycz\u0105ce struktury i zada\u0144 Synodu Biskup\u00f3w\u201d Josepha Ratzingera. W tym kr\u00f3tkim artykule Ratzinger wyja\u015bnia, w jaki spos\u00f3b Synod Biskup\u00f3w ma s\u0142u\u017cy\u0107<br>urz\u0119dowi papieskiemu poprzez pos\u0142uszne ponowne odkrycie i odnowienie<br>wiary Ko\u015bcio\u0142a. Tylko w ten spos\u00f3b mo\u017cna podj\u0105\u0107 dyskusj\u0119, kt\u00f3ra ma na<br>celu budowanie wszystkich tych, kt\u00f3rzy znajduj\u0105 si\u0119 pod opiek\u0105 ka\u017cdego biskupa. \u201eSynod s\u0142u\u017cy w\u0142a\u015bciwej relacji jedno\u015bci i katolicko\u015bci w Ko\u015bciele<br>i w ten spos\u00f3b promuje t\u0119 \u017cyw\u0105 jedno\u015b\u0107, kt\u00f3ra odpowiada \u017cywotno\u015bci tego<br>\u017cywego organizmu, kt\u00f3ry \u017cyje i wzrasta jako jedno\u015b\u0107 w wielu kom\u00f3rkach<br>Ko\u015bcio\u0142a lokalnego\u201d.<\/p>\n\n\n\n<p id=\"block-cd0e546f-5247-487f-bcaf-dc3cad5f95b2\">(reszta artyku\u0142u w wydaniu papierowym)<\/p>\n\n\n\n<p id=\"block-c528c10b-e872-49ad-94de-c2beaee75456\"><a href=\"javascript:history.back()\">&lt;&lt;wstecz<\/a><\/p>\n","protected":false},"excerpt":{"rendered":"<p>Joseph RATZINGER DOI: 10.48224\/COM-218-2022-11 W niniejszym Communio przedrukowujemy \u201ePytania dotycz\u0105ce struktury i zada\u0144 Synodu Biskup\u00f3w\u201d Josepha Ratzingera. W tym kr\u00f3tkim artykule Ratzinger wyja\u015bnia, w jaki spos\u00f3b Synod Biskup\u00f3w ma s\u0142u\u017cy\u0107urz\u0119dowi papieskiemu poprzez pos\u0142uszne ponowne odkrycie i odnowieniewiary Ko\u015bcio\u0142a. Tylko w ten spos\u00f3b mo\u017cna podj\u0105\u0107 dyskusj\u0119, kt\u00f3ra ma nacelu budowanie wszystkich tych, kt\u00f3rzy znajduj\u0105 si\u0119 pod &hellip; <a href=\"https:\/\/communio.pl\/?p=1873\" class=\"more-link\">Czytaj dalej<span class=\"screen-reader-text\"> Pytania dotycz\u0105ce struktury i zada\u0144 synodu biskup\u00f3w<\/span><\/a><\/p>\n","protected":false},"author":1,"featured_media":0,"comment_status":"closed","ping_status":"open","sticky":false,"template":"","format":"standard","meta":[],"categories":[3,4],"tags":[],"_links":{"self":[{"href":"https:\/\/communio.pl\/index.php?rest_route=\/wp\/v2\/posts\/1873"}],"collection":[{"href":"https:\/\/communio.pl\/index.php?rest_route=\/wp\/v2\/posts"}],"about":[{"href":"https:\/\/communio.pl\/index.php?rest_route=\/wp\/v2\/types\/post"}],"author":[{"embeddable":true,"href":"https:\/\/communio.pl\/index.php?rest_route=\/wp\/v2\/users\/1"}],"replies":[{"embeddable":true,"href":"https:\/\/communio.pl\/index.php?rest_route=%2Fwp%2Fv2%2Fcomments&post=1873"}],"version-history":[{"count":1,"href":"https:\/\/communio.pl\/index.php?rest_route=\/wp\/v2\/posts\/1873\/revisions"}],"predecessor-version":[{"id":1874,"href":"https:\/\/communio.pl\/index.php?rest_route=\/wp\/v2\/posts\/1873\/revisions\/1874"}],"wp:attachment":[{"href":"https:\/\/communio.pl\/index.php?rest_route=%2Fwp%2Fv2%2Fmedia&parent=1873"}],"wp:term":[{"taxonomy":"category","embeddable":true,"href":"https:\/\/communio.pl\/index.php?rest_route=%2Fwp%2Fv2%2Fcategories&post=1873"},{"taxonomy":"post_tag","embeddable":true,"href":"https:\/\/communio.pl\/index.php?rest_route=%2Fwp%2Fv2%2Ftags&post=1873"}],"curies":[{"name":"wp","href":"https:\/\/api.w.org\/{rel}","templated":true}]}}