{"id":1870,"date":"2023-05-17T12:18:29","date_gmt":"2023-05-17T12:18:29","guid":{"rendered":"http:\/\/communio.pl\/?p=1870"},"modified":"2023-05-17T12:18:29","modified_gmt":"2023-05-17T12:18:29","slug":"wprowadzenie-5","status":"publish","type":"post","link":"https:\/\/communio.pl\/?p=1870","title":{"rendered":"WPROWADZENIE"},"content":{"rendered":"\n<p><strong>KS. JAROS\u0141AW M. LIPNIAK<\/strong><\/p>\n\n\n\n<p>DOI: 10.48224\/COM-218-2022-7<\/p>\n\n\n\n<p><strong>Streszczenie<\/strong><br>Oddajemy do r\u0105k czytelnika kolejny numer kwartalnika \u201eCommunio\u201d. Tym razem zosta\u0142 on po\u015bwi\u0119cony synodalno\u015bci. Termin \u201esynod\u201d zawiera w sobie wszystko, co musimy zrozumie\u0107: chodzenie razem (&#8230;). Chodzenie razem \u2013 \u015bwieccy, pasterze, biskup Rzymu &#8211; jest poj\u0119ciem \u0142atwym do wyra\u017cenia s\u0142owami, ale nie tak \u0142atwym do wprowadzenia w \u017cycie 1 . Ws\u0142uchuj\u0105c si\u0119 w g\u0142os papie\u017ca Franciszka, chcemy pochyli\u0107 si\u0119 nad tym wa\u017cnym zagadnieniem. Droga synodalno\u015bci jest drog\u0105, kt\u00f3rej B\u00f3g oczekuje od Ko\u015bcio\u0142a trzeciego tysi\u0105clecia. Synodalno\u015b\u0107 to \u201ekonstytutywny wymiar Ko\u015bcio\u0142a\u201d dlatego \u201eTo, czego domaga si\u0119 od nas Pan, w pewnym sensie jest ju\u017c w ca\u0142o\u015bci zawarte w s\u0142owie \u00absynod\u00bb\u201d . Celem tego numeru jest oddanie do dyspozycji kilku wskaz\u00f3wek przydatnych do teologicznego pog\u0142\u0119bienia wraz ze wskazaniem kierunk\u00f3w duszpasterskich dotycz\u0105cych wniosk\u00f3w, kt\u00f3re wynikaj\u0105 z nich dla misji Ko\u015bcio\u0142a.<\/p>\n\n\n\n<p id=\"block-cd0e546f-5247-487f-bcaf-dc3cad5f95b2\">(reszta artyku\u0142u w wydaniu papierowym)<\/p>\n\n\n\n<p id=\"block-c528c10b-e872-49ad-94de-c2beaee75456\"><a href=\"javascript:history.back()\">&lt;&lt;wstecz<\/a><\/p>\n","protected":false},"excerpt":{"rendered":"<p>KS. JAROS\u0141AW M. LIPNIAK DOI: 10.48224\/COM-218-2022-7 StreszczenieOddajemy do r\u0105k czytelnika kolejny numer kwartalnika \u201eCommunio\u201d. Tym razem zosta\u0142 on po\u015bwi\u0119cony synodalno\u015bci. Termin \u201esynod\u201d zawiera w sobie wszystko, co musimy zrozumie\u0107: chodzenie razem (&#8230;). Chodzenie razem \u2013 \u015bwieccy, pasterze, biskup Rzymu &#8211; jest poj\u0119ciem \u0142atwym do wyra\u017cenia s\u0142owami, ale nie tak \u0142atwym do wprowadzenia w \u017cycie 1 &hellip; <a href=\"https:\/\/communio.pl\/?p=1870\" class=\"more-link\">Czytaj dalej<span class=\"screen-reader-text\"> WPROWADZENIE<\/span><\/a><\/p>\n","protected":false},"author":1,"featured_media":0,"comment_status":"closed","ping_status":"open","sticky":false,"template":"","format":"standard","meta":[],"categories":[3,4],"tags":[],"_links":{"self":[{"href":"https:\/\/communio.pl\/index.php?rest_route=\/wp\/v2\/posts\/1870"}],"collection":[{"href":"https:\/\/communio.pl\/index.php?rest_route=\/wp\/v2\/posts"}],"about":[{"href":"https:\/\/communio.pl\/index.php?rest_route=\/wp\/v2\/types\/post"}],"author":[{"embeddable":true,"href":"https:\/\/communio.pl\/index.php?rest_route=\/wp\/v2\/users\/1"}],"replies":[{"embeddable":true,"href":"https:\/\/communio.pl\/index.php?rest_route=%2Fwp%2Fv2%2Fcomments&post=1870"}],"version-history":[{"count":1,"href":"https:\/\/communio.pl\/index.php?rest_route=\/wp\/v2\/posts\/1870\/revisions"}],"predecessor-version":[{"id":1871,"href":"https:\/\/communio.pl\/index.php?rest_route=\/wp\/v2\/posts\/1870\/revisions\/1871"}],"wp:attachment":[{"href":"https:\/\/communio.pl\/index.php?rest_route=%2Fwp%2Fv2%2Fmedia&parent=1870"}],"wp:term":[{"taxonomy":"category","embeddable":true,"href":"https:\/\/communio.pl\/index.php?rest_route=%2Fwp%2Fv2%2Fcategories&post=1870"},{"taxonomy":"post_tag","embeddable":true,"href":"https:\/\/communio.pl\/index.php?rest_route=%2Fwp%2Fv2%2Ftags&post=1870"}],"curies":[{"name":"wp","href":"https:\/\/api.w.org\/{rel}","templated":true}]}}