{"id":1791,"date":"2022-04-25T16:37:01","date_gmt":"2022-04-25T16:37:01","guid":{"rendered":"http:\/\/communio.pl\/?p=1791"},"modified":"2022-04-25T16:37:01","modified_gmt":"2022-04-25T16:37:01","slug":"wiara-chrzescijanska-miedzy-kultura-a-swiadectwem","status":"publish","type":"post","link":"https:\/\/communio.pl\/?p=1791","title":{"rendered":"Wiara chrze\u015bcija\u0144ska mi\u0119dzy kultur\u0105 a \u015bwiadectwem"},"content":{"rendered":"\n<p><strong>Kard. Gianfranco Ravasi<\/strong><\/p>\n\n\n\n<p>DOI: 10.48224\/COM-216-2021-26<\/p>\n\n\n\n<p><strong>Streszczenie<\/strong><br>S\u0142owo Bo\u017ce staj\u0105c si\u0119 cia\u0142em, sta\u0142o si\u0119 cz\u0119\u015bci\u0105 cywilizacji, nie wykluczaj\u0105c przy tym jednak \u017cadnej konkretnej kultury. Konsekwencj\u0105 tego<br>jest, \u017ce wiara zawsze zderza si\u0119 z niewiar\u0105, a tak\u017ce z innymi wierzeniami.<br>W takim dialogu \u015bwiadectwo chrze\u015bcija\u0144skie nie odnosi si\u0119 tylko do \u201erzeczy ostatecznych\u201d (za\u015bwiat\u00f3w, dobra, prawdy i pi\u0119kna), ale tak\u017ce do tych<br>\u201eprzedostatecznych\u201d (trud\u00f3w, cierpienia i \u015bmierci).<\/p>\n\n\n\n<p><br><strong>S\u0142owa kluczowe<\/strong>: Chrze\u015bcija\u0144stwo, kultura, wiara, dialog, rzeczy ostateczne<\/p>\n\n\n\n<p><br>Spotkanie chrze\u015bcija\u0144stwa z r\u00f3\u017cnymi typologiami spo\u0142eczno-kulturowymi zawsze wywiera\u0142o znami\u0119 na historii Zachodu.<br>Trudno jest zrekonstruowa\u0107 t\u0119 histori\u0119, ze wzgl\u0119du na wielo\u015b\u0107<br>jej etap\u00f3w i ich z\u0142o\u017cono\u015b\u0107: od wzajemnego wp\u0142ywu przechodzili\u015bmy niekiedy do konfliktu, od dialogu do sprzeciwu, od opozycji<br>do nawr\u00f3cenia i odwrotnie. W por\u00f3wnaniu z innymi modelami<br>religii, wiara chrze\u015bcija\u0144ska nie popada ani w nadmierne zakorzenienie w czystej transcendencji (przychodzi tu na my\u015bl islam),<br>ani w jej antypody, panteistyczn\u0105 immanencj\u0119 (jak to ma miejsce<br>w niekt\u00f3rych odmianach hinduizmu). Zgodnie z Janowym wyra\u017ceniem, \u017ce Logos sta\u0142 si\u0119 sarx (1, 14), w osobie Jezusa Chrystusa<br>istnieje podw\u00f3jna natura, ludzka i boska, wieczna i warunkowa,<br>niesko\u0144czona i zawarta w przestrzeni. To w\u0142a\u015bnie ten fundamentalny fakt motywuje i usprawiedliwia nieustann\u0105 \u201einkarnacj\u0119\u201d<br>Ko\u015bcio\u0142a, jego mistycznego i historycznego cia\u0142a, w historii.<\/p>\n\n\n\n<p id=\"block-cd0e546f-5247-487f-bcaf-dc3cad5f95b2\">(reszta artyku\u0142u w wydaniu papierowym)<\/p>\n\n\n\n<p id=\"block-c528c10b-e872-49ad-94de-c2beaee75456\"><a href=\"javascript:history.back()\">&lt;&lt;wstecz<\/a><\/p>\n","protected":false},"excerpt":{"rendered":"<p>Kard. Gianfranco Ravasi DOI: 10.48224\/COM-216-2021-26 StreszczenieS\u0142owo Bo\u017ce staj\u0105c si\u0119 cia\u0142em, sta\u0142o si\u0119 cz\u0119\u015bci\u0105 cywilizacji, nie wykluczaj\u0105c przy tym jednak \u017cadnej konkretnej kultury. Konsekwencj\u0105 tegojest, \u017ce wiara zawsze zderza si\u0119 z niewiar\u0105, a tak\u017ce z innymi wierzeniami.W takim dialogu \u015bwiadectwo chrze\u015bcija\u0144skie nie odnosi si\u0119 tylko do \u201erzeczy ostatecznych\u201d (za\u015bwiat\u00f3w, dobra, prawdy i pi\u0119kna), ale tak\u017ce do &hellip; <a href=\"https:\/\/communio.pl\/?p=1791\" class=\"more-link\">Czytaj dalej<span class=\"screen-reader-text\"> Wiara chrze\u015bcija\u0144ska mi\u0119dzy kultur\u0105 a \u015bwiadectwem<\/span><\/a><\/p>\n","protected":false},"author":1,"featured_media":0,"comment_status":"closed","ping_status":"open","sticky":false,"template":"","format":"standard","meta":[],"categories":[3,4],"tags":[],"_links":{"self":[{"href":"https:\/\/communio.pl\/index.php?rest_route=\/wp\/v2\/posts\/1791"}],"collection":[{"href":"https:\/\/communio.pl\/index.php?rest_route=\/wp\/v2\/posts"}],"about":[{"href":"https:\/\/communio.pl\/index.php?rest_route=\/wp\/v2\/types\/post"}],"author":[{"embeddable":true,"href":"https:\/\/communio.pl\/index.php?rest_route=\/wp\/v2\/users\/1"}],"replies":[{"embeddable":true,"href":"https:\/\/communio.pl\/index.php?rest_route=%2Fwp%2Fv2%2Fcomments&post=1791"}],"version-history":[{"count":1,"href":"https:\/\/communio.pl\/index.php?rest_route=\/wp\/v2\/posts\/1791\/revisions"}],"predecessor-version":[{"id":1792,"href":"https:\/\/communio.pl\/index.php?rest_route=\/wp\/v2\/posts\/1791\/revisions\/1792"}],"wp:attachment":[{"href":"https:\/\/communio.pl\/index.php?rest_route=%2Fwp%2Fv2%2Fmedia&parent=1791"}],"wp:term":[{"taxonomy":"category","embeddable":true,"href":"https:\/\/communio.pl\/index.php?rest_route=%2Fwp%2Fv2%2Fcategories&post=1791"},{"taxonomy":"post_tag","embeddable":true,"href":"https:\/\/communio.pl\/index.php?rest_route=%2Fwp%2Fv2%2Ftags&post=1791"}],"curies":[{"name":"wp","href":"https:\/\/api.w.org\/{rel}","templated":true}]}}