{"id":1788,"date":"2022-04-25T16:33:58","date_gmt":"2022-04-25T16:33:58","guid":{"rendered":"http:\/\/communio.pl\/?p=1788"},"modified":"2022-04-25T16:33:58","modified_gmt":"2022-04-25T16:33:58","slug":"kosciol-a-skandal-wykorzystywania-seksualnego","status":"publish","type":"post","link":"https:\/\/communio.pl\/?p=1788","title":{"rendered":"Ko\u015bci\u00f3\u0142 a skandal wykorzystywania seksualnego"},"content":{"rendered":"\n<p><strong>Joseph RATZINGER<\/strong><\/p>\n\n\n\n<p>DOI: 10.48224\/COM-216-2021-7<\/p>\n\n\n\n<p><strong>Streszczenie<\/strong><br>W obszernym tek\u015bcie \u201eKo\u015bci\u00f3\u0142 i skandal wykorzystywania seksualnego\u201d, napisanym po lutowym, zwo\u0142anym przez Franciszka szczycie w Watykanie na temat ochrony nieletnich, Benedykt XVI oceni\u0142, \u017ce \u201eupadek\u201d<br>obyczaj\u00f3w w wyniku rewolucji seksualnej 1968 roku, naznaczony przez<br>\u201ebezprecedensowy radykalizm\u201d, a tak\u017ce proces os\u0142abienia \u201echrze\u015bcija\u0144skiej koncepcji moralno\u015bci\u201d le\u017c\u0105 u podstaw kryzysu nadu\u017cy\u0107 w\u015br\u00f3d duchowie\u0144stwa. \u201eTak, w Ko\u015bciele jest grzech i z\u0142o. Ale tak\u017ce dzisiaj jest \u015bwi\u0119ty<br>Ko\u015bci\u00f3\u0142, kt\u00f3ry jest niezniszczalny. Tak\u017ce dzisiaj jest wielu ludzi, kt\u00f3rzy<br>pokornie wierz\u0105, cierpi\u0105 i kochaj\u0105, w kt\u00f3rych ukazuje si\u0119 nam prawdziwy<br>B\u00f3g, kochaj\u0105cy B\u00f3g\u201d \u2013 napisa\u0142 papie\u017c emeryt Benedykt XVI.<\/p>\n\n\n\n<p><br><strong>S\u0142owa kluczowe<\/strong>: Ko\u015bci\u00f3\u0142, skandal, grzech, wykorzystanie seksualne<\/p>\n\n\n\n<p id=\"block-cd0e546f-5247-487f-bcaf-dc3cad5f95b2\">(reszta artyku\u0142u w wydaniu papierowym)<\/p>\n\n\n\n<p id=\"block-c528c10b-e872-49ad-94de-c2beaee75456\"><a href=\"javascript:history.back()\">&lt;&lt;wstecz<\/a><\/p>\n","protected":false},"excerpt":{"rendered":"<p>Joseph RATZINGER DOI: 10.48224\/COM-216-2021-7 StreszczenieW obszernym tek\u015bcie \u201eKo\u015bci\u00f3\u0142 i skandal wykorzystywania seksualnego\u201d, napisanym po lutowym, zwo\u0142anym przez Franciszka szczycie w Watykanie na temat ochrony nieletnich, Benedykt XVI oceni\u0142, \u017ce \u201eupadek\u201dobyczaj\u00f3w w wyniku rewolucji seksualnej 1968 roku, naznaczony przez\u201ebezprecedensowy radykalizm\u201d, a tak\u017ce proces os\u0142abienia \u201echrze\u015bcija\u0144skiej koncepcji moralno\u015bci\u201d le\u017c\u0105 u podstaw kryzysu nadu\u017cy\u0107 w\u015br\u00f3d duchowie\u0144stwa. \u201eTak, w &hellip; <a href=\"https:\/\/communio.pl\/?p=1788\" class=\"more-link\">Czytaj dalej<span class=\"screen-reader-text\"> Ko\u015bci\u00f3\u0142 a skandal wykorzystywania seksualnego<\/span><\/a><\/p>\n","protected":false},"author":1,"featured_media":0,"comment_status":"closed","ping_status":"open","sticky":false,"template":"","format":"standard","meta":[],"categories":[3,4],"tags":[],"_links":{"self":[{"href":"https:\/\/communio.pl\/index.php?rest_route=\/wp\/v2\/posts\/1788"}],"collection":[{"href":"https:\/\/communio.pl\/index.php?rest_route=\/wp\/v2\/posts"}],"about":[{"href":"https:\/\/communio.pl\/index.php?rest_route=\/wp\/v2\/types\/post"}],"author":[{"embeddable":true,"href":"https:\/\/communio.pl\/index.php?rest_route=\/wp\/v2\/users\/1"}],"replies":[{"embeddable":true,"href":"https:\/\/communio.pl\/index.php?rest_route=%2Fwp%2Fv2%2Fcomments&post=1788"}],"version-history":[{"count":1,"href":"https:\/\/communio.pl\/index.php?rest_route=\/wp\/v2\/posts\/1788\/revisions"}],"predecessor-version":[{"id":1789,"href":"https:\/\/communio.pl\/index.php?rest_route=\/wp\/v2\/posts\/1788\/revisions\/1789"}],"wp:attachment":[{"href":"https:\/\/communio.pl\/index.php?rest_route=%2Fwp%2Fv2%2Fmedia&parent=1788"}],"wp:term":[{"taxonomy":"category","embeddable":true,"href":"https:\/\/communio.pl\/index.php?rest_route=%2Fwp%2Fv2%2Fcategories&post=1788"},{"taxonomy":"post_tag","embeddable":true,"href":"https:\/\/communio.pl\/index.php?rest_route=%2Fwp%2Fv2%2Ftags&post=1788"}],"curies":[{"name":"wp","href":"https:\/\/api.w.org\/{rel}","templated":true}]}}